{"id":6576,"date":"2024-10-01T16:46:07","date_gmt":"2024-10-01T14:46:07","guid":{"rendered":"https:\/\/www.galeriegrenadine.com\/melun\/?p=6576"},"modified":"2024-10-01T17:32:25","modified_gmt":"2024-10-01T15:32:25","slug":"photographe-de-famille-77","status":"publish","type":"post","link":"https:\/\/www.galeriegrenadine.com\/melun\/blog\/2024\/10\/01\/photographe-de-famille-77\/","title":{"rendered":"Photographe de famille 77"},"content":{"rendered":"<p>[et_pb_section fb_built=\u00a0\u00bb1&Prime; theme_builder_area=\u00a0\u00bbpost_content\u00a0\u00bb _builder_version=\u00a0\u00bb4.22.1&Prime; _module_preset=\u00a0\u00bbdefault\u00a0\u00bb][et_pb_row _builder_version=\u00a0\u00bb4.22.1&Prime; _module_preset=\u00a0\u00bbdefault\u00a0\u00bb theme_builder_area=\u00a0\u00bbpost_content\u00a0\u00bb][et_pb_column _builder_version=\u00a0\u00bb4.22.1&Prime; _module_preset=\u00a0\u00bbdefault\u00a0\u00bb type=\u00a0\u00bb4_4&Prime; theme_builder_area=\u00a0\u00bbpost_content\u00a0\u00bb][et_pb_image src=\u00a0\u00bbhttps:\/\/www.galeriegrenadine.com\/melun\/wp-content\/uploads\/sites\/4\/2024\/09\/Photographe-de-famille-bebe-et-naissance-10.jpg\u00a0\u00bb _builder_version=\u00a0\u00bb4.22.1&Prime; _module_preset=\u00a0\u00bbdefault\u00a0\u00bb theme_builder_area=\u00a0\u00bbpost_content\u00a0\u00bb title_text=\u00a0\u00bbPhotographe de famille, b\u00e9b\u00e9 et naissance (10)\u00a0\u00bb show_in_lightbox=\u00a0\u00bbon\u00a0\u00bb hover_enabled=\u00a0\u00bb0&Prime; sticky_enabled=\u00a0\u00bb0&Prime;][\/et_pb_image][\/et_pb_column][\/et_pb_row][\/et_pb_section][et_pb_section fb_built=\u00a0\u00bb1&Prime; theme_builder_area=\u00a0\u00bbpost_content\u00a0\u00bb _builder_version=\u00a0\u00bb4.22.1&Prime; _module_preset=\u00a0\u00bbdefault\u00a0\u00bb][et_pb_row _builder_version=\u00a0\u00bb4.22.1&Prime; _module_preset=\u00a0\u00bbdefault\u00a0\u00bb theme_builder_area=\u00a0\u00bbpost_content\u00a0\u00bb][et_pb_column _builder_version=\u00a0\u00bb4.22.1&Prime; _module_preset=\u00a0\u00bbdefault\u00a0\u00bb type=\u00a0\u00bb4_4&Prime; theme_builder_area=\u00a0\u00bbpost_content\u00a0\u00bb][et_pb_text _builder_version=\u00a0\u00bb4.22.1&Prime; _module_preset=\u00a0\u00bbdefault\u00a0\u00bb theme_builder_area=\u00a0\u00bbpost_content\u00a0\u00bb hover_enabled=\u00a0\u00bb0&Prime; sticky_enabled=\u00a0\u00bb0&Prime;]<\/p>\n<h1>Studio Grenadine \u00e0 Melun : Votre Photographe en Seine-et-Marne pour des S\u00e9ances Photos Inoubliables<\/h1>\n<p>&nbsp;<\/p>\n<h2>Le Photographe de R\u00e9f\u00e9rence en Seine-et-Marne (77)<\/h2>\n<p>Le Studio Grenadine, situ\u00e9 \u00e0 Melun, en plein c\u0153ur de la Seine-et-Marne (77), est le lieu incontournable pour tous ceux qui recherchent un **photographe professionnel**. Que vous ayez besoin d&rsquo;une s\u00e9ance photo pour un \u00e9v\u00e9nement sp\u00e9cial, un shooting photo en famille ou des photos corporate, l&rsquo;\u00e9quipe du studio vous accompagne pour capturer chaque moment avec pr\u00e9cision et cr\u00e9ativit\u00e9. Chaque s\u00e9ance photo est con\u00e7ue sur-mesure pour r\u00e9pondre \u00e0 vos attentes, que ce soit en studio ou en ext\u00e9rieur dans les beaux d\u00e9cors de Melun et ses alentours.<\/p>\n<h2>S\u00e9ances Photos Personnalis\u00e9es pour Tous Vos Besoins<\/h2>\n<p>Le Studio Grenadine vous propose une large gamme de services adapt\u00e9s \u00e0 vos besoins, avec un souci constant de qualit\u00e9. Notre \u00e9quipe de **photographes professionnels en Seine-et-Marne met tout en \u0153uvre pour que chaque shooting photo soit une v\u00e9ritable exp\u00e9rience.<\/p>\n<h3>S\u00e9ances Photos en Studio \u00e0 Melun<\/h3>\n<p>Envie de portraits professionnels ou d\u2019un shooting photo de famille ? Le Studio Grenadine vous accueille dans un cadre moderne et professionnel \u00e0 Melun. Gr\u00e2ce \u00e0 des conseils avis\u00e9s, nos photographes en Seine-et-Marne vous guident tout au long de la s\u00e9ance photo, pour des r\u00e9sultats naturels et authentiques.<\/p>\n<h3>Photographe d\u2019\u00c9v\u00e9nements en Seine-et-Marne (77)<\/h3>\n<p>Le Studio Grenadine se sp\u00e9cialise aussi dans les reportages photo d\u2019\u00e9v\u00e9nements tels que les mariages, anniversaires ou autres occasions sp\u00e9ciales. Notre photographe en Seine-et-Marne saura capturer les instants cl\u00e9s avec sensibilit\u00e9 et discr\u00e9tion pour des souvenirs imp\u00e9rissables.<\/p>\n<h3>Photos Corporate et Professionnelles<\/h3>\n<p>Si vous avez besoin de photos pour un usage professionnel, le Studio Grenadine vous propose des s\u00e9ances photo adapt\u00e9es \u00e0 vos besoins. Que ce soit pour renouveler votre photo de profil LinkedIn ou illustrer votre site internet, nos photographes en 77 vous garantissent d&rsquo;\u00e9l\u00e9gants clich\u00e9s professionnels.<\/p>\n<h3>Shooting Photo en Ext\u00e9rieur en Seine-et-Marne<\/h3>\n<p>Profitez des beaux paysages de Melun et de la Seine-et-Marne pour organiser un shooting photo en ext\u00e9rieur. Nos photographes adorent travailler en plein air, et les d\u00e9cors naturels de la r\u00e9gion procurent une ambiance unique \u00e0 chaque s\u00e9ance photo. Que ce soit dans la for\u00eat de Fontainebleau ou pr\u00e8s de la Seine, le cadre sera id\u00e9al pour des photos inoubliables.<\/p>\n<h3>Avis Clients : Studio Grenadine, un Photographe Pl\u00e9biscit\u00e9 en Seine-et-Marne<\/h3>\n<p>Avec une note moyenne de 4.8 \u00e9toiles sur Google, le Studio Grenadine est l\u2019un des studios les mieux not\u00e9s de Seine-et-Marne (77). Les avis de nos clients soulignent fr\u00e9quemment la qualit\u00e9 du service, le professionnalisme de nos **photographes** et l\u2019atmosph\u00e8re conviviale des s\u00e9ances photo. Voici quelques t\u00e9moignages :<\/p>\n<p>&#8211; \u00ab\u00a0Superbe exp\u00e9rience ! Le photographe a su capturer notre complicit\u00e9 de mani\u00e8re naturelle. Je recommande vivement ce studio en Seine-et-Marne !\u00a0\u00bb<br \/>&#8211; \u00ab\u00a0Nous avons r\u00e9alis\u00e9 notre shooting photo de famille au Studio Grenadine et le r\u00e9sultat est tout simplement parfait.\u00a0\u00bb<br \/>&#8211; \u00ab\u00a0\u00c9quipe tr\u00e8s professionnelle et des photos magnifiques. Si vous cherchez un photographe en 77, n\u2019h\u00e9sitez pas !\u00a0\u00bb<\/p>\n<p>Ces t\u00e9moignages refl\u00e8tent l\u2019engagement de notre \u00e9quipe \u00e0 offrir des s\u00e9ances photo inoubliables, toujours \u00e0 l\u2019\u00e9coute des besoins de chaque client.<\/p>\n<h3>Explorez Melun et la Seine-et-Marne (77) Apr\u00e8s Votre S\u00e9ance Photo<\/h3>\n<p>Apr\u00e8s votre s\u00e9ance photo au Studio Grenadine, pourquoi ne pas profiter de votre passage pour explorer Melun et ses alentours ? La Seine-et-Marne est une r\u00e9gion riche en patrimoine, avec de nombreux sites \u00e0 d\u00e9couvrir. Visitez le c\u00e9l\u00e8bre ch\u00e2teau de Vaux-le-Vicomte ou promenez-vous dans la magnifique for\u00eat de Fontainebleau. Ce sont des lieux parfaits pour prolonger l\u2019exp\u00e9rience apr\u00e8s votre **shooting photo**. D\u00e9couvrez d\u2019autres id\u00e9es de sorties sur notre page d\u00e9di\u00e9e au tourisme en Seine-et-Marne (77) <a href=\"https:\/\/www.melunvaldeseine-tourisme.com\/\">Tourisme \u00e0 Melun et ses alentours<\/a><\/p>\n<p>&nbsp;<\/p>\n<h2>R\u00e9servez Votre S\u00e9ance Photo au Studio Grenadine \u00e0 Melun<\/h2>\n<p>Pr\u00eat \u00e0 immortaliser vos moments avec un photographe professionnel en Seine-et-Marne ? Ne tardez plus \u00e0 r\u00e9server votre s\u00e9ance photo au Studio Grenadine. Nous vous proposons des shootings photo sur-mesure, en studio ou en ext\u00e9rieur, pour tous vos besoins : portraits, photos de famille, \u00e9v\u00e9nements ou portraits corporate. Pour d\u00e9couvrir tous nos services et r\u00e9server votre s\u00e9ance photo en Seine-et-Marne (77), rendez-vous sur notre <a href=\"https:\/\/www.galeriegrenadine.com\/boutique\">boutique en ligne Studio Grenadine<\/a>.<\/p>\n<p>Le Studio Grenadine \u00e0 Melun vous offre des s\u00e9ances photos personnalis\u00e9es, accompagn\u00e9es par une \u00e9quipe de photographes professionnels en Seine-et-Marne (77), passionn\u00e9e et \u00e0 l\u2019\u00e9coute de vos attentes. Venez capturer vos plus beaux moments dans un cadre convivial et chaleureux, au c\u0153ur de la Seine-et-Marne.<\/p>\n<p>[\/et_pb_text][\/et_pb_column][\/et_pb_row][\/et_pb_section]<\/p>\n","protected":false},"excerpt":{"rendered":"<p>Studio Grenadine \u00e0 Melun : Votre Photographe en Seine-et-Marne pour des S\u00e9ances Photos Inoubliables &nbsp; Le Photographe de R\u00e9f\u00e9rence en Seine-et-Marne (77) Le Studio Grenadine, situ\u00e9 \u00e0 Melun, en plein c\u0153ur de la Seine-et-Marne (77), est le lieu incontournable pour tous ceux qui recherchent un **photographe professionnel**. Que vous ayez besoin d&rsquo;une s\u00e9ance photo pour <a href=\"https:\/\/www.galeriegrenadine.com\/melun\/blog\/2024\/10\/01\/photographe-de-famille-77\/\" title=\"Photographe de famille 77\" rel=\"bookmark\">[Lire la suite]<\/a><\/p>\n","protected":false},"author":3,"featured_media":6559,"comment_status":"open","ping_status":"closed","sticky":false,"template":"","format":"standard","meta":{"_et_pb_use_builder":"on","_et_pb_old_content":"","_et_gb_content_width":"","_uf_show_specific_survey":0,"_uf_disable_surveys":false,"footnotes":""},"categories":[1],"tags":[],"class_list":["post-6576","post","type-post","status-publish","format-standard","has-post-thumbnail","hentry","category-non-classe"],"yoast_head":"<!-- This site is optimized with the Yoast SEO plugin v27.5 - https:\/\/yoast.com\/product\/yoast-seo-wordpress\/ -->\n<title>Photographe de famille 77 - Grenadine Photographe Melun<\/title>\n<meta name=\"description\" content=\"Studio Photo \u00e0 Melun et Fontainebleau 77 sp\u00e9cialis\u00e9 dans les portraits de famille, grossesse, b\u00e9b\u00e9 et grande famille. S\u00e9ance \u00e0 partir de 97\u20ac jusqu&#039;a 157\u20ac\" \/>\n<meta name=\"robots\" content=\"index, follow, max-snippet:-1, max-image-preview:large, max-video-preview:-1\" \/>\n<link rel=\"canonical\" href=\"https:\/\/www.galeriegrenadine.com\/melun\/blog\/2024\/10\/01\/photographe-de-famille-77\/\" \/>\n<meta property=\"og:locale\" content=\"fr_FR\" \/>\n<meta property=\"og:type\" content=\"article\" \/>\n<meta property=\"og:title\" content=\"Photographe de famille 77 - Grenadine Photographe Melun\" \/>\n<meta property=\"og:description\" content=\"Studio Photo \u00e0 Melun et Fontainebleau 77 sp\u00e9cialis\u00e9 dans les portraits de famille, grossesse, b\u00e9b\u00e9 et grande famille. S\u00e9ance \u00e0 partir de 97\u20ac jusqu&#039;a 157\u20ac\" \/>\n<meta property=\"og:url\" content=\"https:\/\/www.galeriegrenadine.com\/melun\/blog\/2024\/10\/01\/photographe-de-famille-77\/\" \/>\n<meta property=\"og:site_name\" content=\"Grenadine Photographe Melun\" \/>\n<meta property=\"article:publisher\" content=\"https:\/\/www.facebook.com\/GalerieGrenadine\" \/>\n<meta property=\"article:published_time\" content=\"2024-10-01T14:46:07+00:00\" \/>\n<meta property=\"article:modified_time\" content=\"2024-10-01T15:32:25+00:00\" \/>\n<meta property=\"og:image\" content=\"https:\/\/www.galeriegrenadine.com\/melun\/wp-content\/uploads\/sites\/4\/2024\/10\/Studio-Grenadine-Photographe-Famille-77-4-scaled.jpg\" \/>\n\t<meta property=\"og:image:width\" content=\"2560\" \/>\n\t<meta property=\"og:image:height\" content=\"1703\" \/>\n\t<meta property=\"og:image:type\" content=\"image\/jpeg\" \/>\n<meta name=\"author\" content=\"galeriegrenadine\" \/>\n<meta name=\"twitter:card\" content=\"summary_large_image\" \/>\n<meta name=\"twitter:label1\" content=\"\u00c9crit par\" \/>\n\t<meta name=\"twitter:data1\" content=\"galeriegrenadine\" \/>\n<script type=\"application\/ld+json\" class=\"yoast-schema-graph\">{\"@context\":\"https:\\\/\\\/schema.org\",\"@graph\":[{\"@type\":\"Article\",\"@id\":\"https:\\\/\\\/www.galeriegrenadine.com\\\/melun\\\/blog\\\/2024\\\/10\\\/01\\\/photographe-de-famille-77\\\/#article\",\"isPartOf\":{\"@id\":\"https:\\\/\\\/www.galeriegrenadine.com\\\/melun\\\/blog\\\/2024\\\/10\\\/01\\\/photographe-de-famille-77\\\/\"},\"author\":{\"name\":\"galeriegrenadine\",\"@id\":\"https:\\\/\\\/www.galeriegrenadine.com\\\/melun\\\/#\\\/schema\\\/person\\\/99d3ecb8b59fa08a886a19045dbeb98b\"},\"headline\":\"Photographe de famille 77\",\"datePublished\":\"2024-10-01T14:46:07+00:00\",\"dateModified\":\"2024-10-01T15:32:25+00:00\",\"mainEntityOfPage\":{\"@id\":\"https:\\\/\\\/www.galeriegrenadine.com\\\/melun\\\/blog\\\/2024\\\/10\\\/01\\\/photographe-de-famille-77\\\/\"},\"wordCount\":953,\"commentCount\":0,\"image\":{\"@id\":\"https:\\\/\\\/www.galeriegrenadine.com\\\/melun\\\/blog\\\/2024\\\/10\\\/01\\\/photographe-de-famille-77\\\/#primaryimage\"},\"thumbnailUrl\":\"https:\\\/\\\/www.galeriegrenadine.com\\\/melun\\\/wp-content\\\/uploads\\\/sites\\\/4\\\/2024\\\/10\\\/Studio-Grenadine-Photographe-Famille-77-4-scaled.jpg\",\"inLanguage\":\"fr-FR\",\"potentialAction\":[{\"@type\":\"CommentAction\",\"name\":\"Comment\",\"target\":[\"https:\\\/\\\/www.galeriegrenadine.com\\\/melun\\\/blog\\\/2024\\\/10\\\/01\\\/photographe-de-famille-77\\\/#respond\"]}]},{\"@type\":\"WebPage\",\"@id\":\"https:\\\/\\\/www.galeriegrenadine.com\\\/melun\\\/blog\\\/2024\\\/10\\\/01\\\/photographe-de-famille-77\\\/\",\"url\":\"https:\\\/\\\/www.galeriegrenadine.com\\\/melun\\\/blog\\\/2024\\\/10\\\/01\\\/photographe-de-famille-77\\\/\",\"name\":\"Photographe de famille 77 - Grenadine Photographe Melun\",\"isPartOf\":{\"@id\":\"https:\\\/\\\/www.galeriegrenadine.com\\\/melun\\\/#website\"},\"primaryImageOfPage\":{\"@id\":\"https:\\\/\\\/www.galeriegrenadine.com\\\/melun\\\/blog\\\/2024\\\/10\\\/01\\\/photographe-de-famille-77\\\/#primaryimage\"},\"image\":{\"@id\":\"https:\\\/\\\/www.galeriegrenadine.com\\\/melun\\\/blog\\\/2024\\\/10\\\/01\\\/photographe-de-famille-77\\\/#primaryimage\"},\"thumbnailUrl\":\"https:\\\/\\\/www.galeriegrenadine.com\\\/melun\\\/wp-content\\\/uploads\\\/sites\\\/4\\\/2024\\\/10\\\/Studio-Grenadine-Photographe-Famille-77-4-scaled.jpg\",\"datePublished\":\"2024-10-01T14:46:07+00:00\",\"dateModified\":\"2024-10-01T15:32:25+00:00\",\"author\":{\"@id\":\"https:\\\/\\\/www.galeriegrenadine.com\\\/melun\\\/#\\\/schema\\\/person\\\/99d3ecb8b59fa08a886a19045dbeb98b\"},\"description\":\"Studio Photo \u00e0 Melun et Fontainebleau 77 sp\u00e9cialis\u00e9 dans les portraits de famille, grossesse, b\u00e9b\u00e9 et grande famille. S\u00e9ance \u00e0 partir de 97\u20ac jusqu'a 157\u20ac\",\"breadcrumb\":{\"@id\":\"https:\\\/\\\/www.galeriegrenadine.com\\\/melun\\\/blog\\\/2024\\\/10\\\/01\\\/photographe-de-famille-77\\\/#breadcrumb\"},\"inLanguage\":\"fr-FR\",\"potentialAction\":[{\"@type\":\"ReadAction\",\"target\":[\"https:\\\/\\\/www.galeriegrenadine.com\\\/melun\\\/blog\\\/2024\\\/10\\\/01\\\/photographe-de-famille-77\\\/\"]}]},{\"@type\":\"ImageObject\",\"inLanguage\":\"fr-FR\",\"@id\":\"https:\\\/\\\/www.galeriegrenadine.com\\\/melun\\\/blog\\\/2024\\\/10\\\/01\\\/photographe-de-famille-77\\\/#primaryimage\",\"url\":\"https:\\\/\\\/www.galeriegrenadine.com\\\/melun\\\/wp-content\\\/uploads\\\/sites\\\/4\\\/2024\\\/10\\\/Studio-Grenadine-Photographe-Famille-77-4-scaled.jpg\",\"contentUrl\":\"https:\\\/\\\/www.galeriegrenadine.com\\\/melun\\\/wp-content\\\/uploads\\\/sites\\\/4\\\/2024\\\/10\\\/Studio-Grenadine-Photographe-Famille-77-4-scaled.jpg\",\"width\":1800,\"height\":1197},{\"@type\":\"BreadcrumbList\",\"@id\":\"https:\\\/\\\/www.galeriegrenadine.com\\\/melun\\\/blog\\\/2024\\\/10\\\/01\\\/photographe-de-famille-77\\\/#breadcrumb\",\"itemListElement\":[{\"@type\":\"ListItem\",\"position\":1,\"name\":\"Accueil\",\"item\":\"https:\\\/\\\/www.galeriegrenadine.com\\\/melun\\\/\"},{\"@type\":\"ListItem\",\"position\":2,\"name\":\"Photographe de famille 77\"}]},{\"@type\":\"WebSite\",\"@id\":\"https:\\\/\\\/www.galeriegrenadine.com\\\/melun\\\/#website\",\"url\":\"https:\\\/\\\/www.galeriegrenadine.com\\\/melun\\\/\",\"name\":\"Grenadine Photographe Melun\",\"description\":\"Votre photographe portraitiste\",\"potentialAction\":[{\"@type\":\"SearchAction\",\"target\":{\"@type\":\"EntryPoint\",\"urlTemplate\":\"https:\\\/\\\/www.galeriegrenadine.com\\\/melun\\\/?s={search_term_string}\"},\"query-input\":{\"@type\":\"PropertyValueSpecification\",\"valueRequired\":true,\"valueName\":\"search_term_string\"}}],\"inLanguage\":\"fr-FR\"},{\"@type\":\"Person\",\"@id\":\"https:\\\/\\\/www.galeriegrenadine.com\\\/melun\\\/#\\\/schema\\\/person\\\/99d3ecb8b59fa08a886a19045dbeb98b\",\"name\":\"galeriegrenadine\"}]}<\/script>\n<!-- \/ Yoast SEO plugin. -->","yoast_head_json":{"title":"Photographe de famille 77 - Grenadine Photographe Melun","description":"Studio Photo \u00e0 Melun et Fontainebleau 77 sp\u00e9cialis\u00e9 dans les portraits de famille, grossesse, b\u00e9b\u00e9 et grande famille. S\u00e9ance \u00e0 partir de 97\u20ac jusqu'a 157\u20ac","robots":{"index":"index","follow":"follow","max-snippet":"max-snippet:-1","max-image-preview":"max-image-preview:large","max-video-preview":"max-video-preview:-1"},"canonical":"https:\/\/www.galeriegrenadine.com\/melun\/blog\/2024\/10\/01\/photographe-de-famille-77\/","og_locale":"fr_FR","og_type":"article","og_title":"Photographe de famille 77 - Grenadine Photographe Melun","og_description":"Studio Photo \u00e0 Melun et Fontainebleau 77 sp\u00e9cialis\u00e9 dans les portraits de famille, grossesse, b\u00e9b\u00e9 et grande famille. S\u00e9ance \u00e0 partir de 97\u20ac jusqu'a 157\u20ac","og_url":"https:\/\/www.galeriegrenadine.com\/melun\/blog\/2024\/10\/01\/photographe-de-famille-77\/","og_site_name":"Grenadine Photographe Melun","article_publisher":"https:\/\/www.facebook.com\/GalerieGrenadine","article_published_time":"2024-10-01T14:46:07+00:00","article_modified_time":"2024-10-01T15:32:25+00:00","og_image":[{"width":2560,"height":1703,"url":"https:\/\/www.galeriegrenadine.com\/melun\/wp-content\/uploads\/sites\/4\/2024\/10\/Studio-Grenadine-Photographe-Famille-77-4-scaled.jpg","type":"image\/jpeg"}],"author":"galeriegrenadine","twitter_card":"summary_large_image","twitter_misc":{"\u00c9crit par":"galeriegrenadine"},"schema":{"@context":"https:\/\/schema.org","@graph":[{"@type":"Article","@id":"https:\/\/www.galeriegrenadine.com\/melun\/blog\/2024\/10\/01\/photographe-de-famille-77\/#article","isPartOf":{"@id":"https:\/\/www.galeriegrenadine.com\/melun\/blog\/2024\/10\/01\/photographe-de-famille-77\/"},"author":{"name":"galeriegrenadine","@id":"https:\/\/www.galeriegrenadine.com\/melun\/#\/schema\/person\/99d3ecb8b59fa08a886a19045dbeb98b"},"headline":"Photographe de famille 77","datePublished":"2024-10-01T14:46:07+00:00","dateModified":"2024-10-01T15:32:25+00:00","mainEntityOfPage":{"@id":"https:\/\/www.galeriegrenadine.com\/melun\/blog\/2024\/10\/01\/photographe-de-famille-77\/"},"wordCount":953,"commentCount":0,"image":{"@id":"https:\/\/www.galeriegrenadine.com\/melun\/blog\/2024\/10\/01\/photographe-de-famille-77\/#primaryimage"},"thumbnailUrl":"https:\/\/www.galeriegrenadine.com\/melun\/wp-content\/uploads\/sites\/4\/2024\/10\/Studio-Grenadine-Photographe-Famille-77-4-scaled.jpg","inLanguage":"fr-FR","potentialAction":[{"@type":"CommentAction","name":"Comment","target":["https:\/\/www.galeriegrenadine.com\/melun\/blog\/2024\/10\/01\/photographe-de-famille-77\/#respond"]}]},{"@type":"WebPage","@id":"https:\/\/www.galeriegrenadine.com\/melun\/blog\/2024\/10\/01\/photographe-de-famille-77\/","url":"https:\/\/www.galeriegrenadine.com\/melun\/blog\/2024\/10\/01\/photographe-de-famille-77\/","name":"Photographe de famille 77 - Grenadine Photographe Melun","isPartOf":{"@id":"https:\/\/www.galeriegrenadine.com\/melun\/#website"},"primaryImageOfPage":{"@id":"https:\/\/www.galeriegrenadine.com\/melun\/blog\/2024\/10\/01\/photographe-de-famille-77\/#primaryimage"},"image":{"@id":"https:\/\/www.galeriegrenadine.com\/melun\/blog\/2024\/10\/01\/photographe-de-famille-77\/#primaryimage"},"thumbnailUrl":"https:\/\/www.galeriegrenadine.com\/melun\/wp-content\/uploads\/sites\/4\/2024\/10\/Studio-Grenadine-Photographe-Famille-77-4-scaled.jpg","datePublished":"2024-10-01T14:46:07+00:00","dateModified":"2024-10-01T15:32:25+00:00","author":{"@id":"https:\/\/www.galeriegrenadine.com\/melun\/#\/schema\/person\/99d3ecb8b59fa08a886a19045dbeb98b"},"description":"Studio Photo \u00e0 Melun et Fontainebleau 77 sp\u00e9cialis\u00e9 dans les portraits de famille, grossesse, b\u00e9b\u00e9 et grande famille. S\u00e9ance \u00e0 partir de 97\u20ac jusqu'a 157\u20ac","breadcrumb":{"@id":"https:\/\/www.galeriegrenadine.com\/melun\/blog\/2024\/10\/01\/photographe-de-famille-77\/#breadcrumb"},"inLanguage":"fr-FR","potentialAction":[{"@type":"ReadAction","target":["https:\/\/www.galeriegrenadine.com\/melun\/blog\/2024\/10\/01\/photographe-de-famille-77\/"]}]},{"@type":"ImageObject","inLanguage":"fr-FR","@id":"https:\/\/www.galeriegrenadine.com\/melun\/blog\/2024\/10\/01\/photographe-de-famille-77\/#primaryimage","url":"https:\/\/www.galeriegrenadine.com\/melun\/wp-content\/uploads\/sites\/4\/2024\/10\/Studio-Grenadine-Photographe-Famille-77-4-scaled.jpg","contentUrl":"https:\/\/www.galeriegrenadine.com\/melun\/wp-content\/uploads\/sites\/4\/2024\/10\/Studio-Grenadine-Photographe-Famille-77-4-scaled.jpg","width":1800,"height":1197},{"@type":"BreadcrumbList","@id":"https:\/\/www.galeriegrenadine.com\/melun\/blog\/2024\/10\/01\/photographe-de-famille-77\/#breadcrumb","itemListElement":[{"@type":"ListItem","position":1,"name":"Accueil","item":"https:\/\/www.galeriegrenadine.com\/melun\/"},{"@type":"ListItem","position":2,"name":"Photographe de famille 77"}]},{"@type":"WebSite","@id":"https:\/\/www.galeriegrenadine.com\/melun\/#website","url":"https:\/\/www.galeriegrenadine.com\/melun\/","name":"Grenadine Photographe Melun","description":"Votre photographe portraitiste","potentialAction":[{"@type":"SearchAction","target":{"@type":"EntryPoint","urlTemplate":"https:\/\/www.galeriegrenadine.com\/melun\/?s={search_term_string}"},"query-input":{"@type":"PropertyValueSpecification","valueRequired":true,"valueName":"search_term_string"}}],"inLanguage":"fr-FR"},{"@type":"Person","@id":"https:\/\/www.galeriegrenadine.com\/melun\/#\/schema\/person\/99d3ecb8b59fa08a886a19045dbeb98b","name":"galeriegrenadine"}]}},"_links":{"self":[{"href":"https:\/\/www.galeriegrenadine.com\/melun\/wp-json\/wp\/v2\/posts\/6576","targetHints":{"allow":["GET"]}}],"collection":[{"href":"https:\/\/www.galeriegrenadine.com\/melun\/wp-json\/wp\/v2\/posts"}],"about":[{"href":"https:\/\/www.galeriegrenadine.com\/melun\/wp-json\/wp\/v2\/types\/post"}],"author":[{"embeddable":true,"href":"https:\/\/www.galeriegrenadine.com\/melun\/wp-json\/wp\/v2\/users\/3"}],"replies":[{"embeddable":true,"href":"https:\/\/www.galeriegrenadine.com\/melun\/wp-json\/wp\/v2\/comments?post=6576"}],"version-history":[{"count":0,"href":"https:\/\/www.galeriegrenadine.com\/melun\/wp-json\/wp\/v2\/posts\/6576\/revisions"}],"wp:featuredmedia":[{"embeddable":true,"href":"https:\/\/www.galeriegrenadine.com\/melun\/wp-json\/wp\/v2\/media\/6559"}],"wp:attachment":[{"href":"https:\/\/www.galeriegrenadine.com\/melun\/wp-json\/wp\/v2\/media?parent=6576"}],"wp:term":[{"taxonomy":"category","embeddable":true,"href":"https:\/\/www.galeriegrenadine.com\/melun\/wp-json\/wp\/v2\/categories?post=6576"},{"taxonomy":"post_tag","embeddable":true,"href":"https:\/\/www.galeriegrenadine.com\/melun\/wp-json\/wp\/v2\/tags?post=6576"}],"curies":[{"name":"wp","href":"https:\/\/api.w.org\/{rel}","templated":true}]}}