{"id":320,"date":"2013-06-06T19:35:53","date_gmt":"2013-06-06T17:35:53","guid":{"rendered":"https:\/\/www.galeriegrenadine.com\/melun\/?p=320"},"modified":"2014-08-29T19:38:41","modified_gmt":"2014-08-29T17:38:41","slug":"idee-cadeau-fete-des-peres","status":"publish","type":"post","link":"https:\/\/www.galeriegrenadine.com\/melun\/blog\/2013\/06\/06\/idee-cadeau-fete-des-peres\/","title":{"rendered":"Id\u00e9e cadeau f\u00eate des p\u00e8res !"},"content":{"rendered":"<p>Notre studio photo {Grenadine} propose jusqu\u2019au 16 Juin 2013 une offre sp\u00e9ciale F\u00eate des P\u00e8res avec un shooting photo avec les enfants avant cette date et\u00a0une autre s\u00e9ance apr\u00e8s avec toute la famille.<\/p>\n<p>Un\u00a0cadeau original\u00a0mais surtout inoubliable pour seulement\u00a077\u20ac\u00a0 !!!<\/p>\n<p>Pendant cette premi\u00e8re demi-heure, nous avons r\u00e9alis\u00e9 des photos de maman avec les enfants, des photos des enfants ensemble, des portraits individuels et des photos design. Une s\u00e9ance optimis\u00e9e pour garantir un large choix d\u2019images \u00e0 offrir \u00e0 papa.<\/p>\n<p>Une deuxi\u00e8me s\u00e9ance sera \u00e0 pr\u00e9voir pour la r\u00e9alisation de vos\u00a0photos de famille\u00a0tous ensemble.<\/p>\n<p><a title=\"Les ch\u00e8ques cadeaux\" href=\"https:\/\/www.galeriegrenadine.com\/melun\/offre\/les-cheques-cadeaux\/\">Ch\u00e8que cadeau disponible ici<\/a><\/p>\n\n\t\t<style type=\"text\/css\">\n\t\t\t#gallery-1 {\n\t\t\t\tmargin: auto;\n\t\t\t}\n\t\t\t#gallery-1 .gallery-item {\n\t\t\t\tfloat: left;\n\t\t\t\tmargin-top: 10px;\n\t\t\t\ttext-align: center;\n\t\t\t\twidth: 33%;\n\t\t\t}\n\t\t\t#gallery-1 img {\n\t\t\t\tborder: 2px solid #cfcfcf;\n\t\t\t}\n\t\t\t#gallery-1 .gallery-caption {\n\t\t\t\tmargin-left: 0;\n\t\t\t}\n\t\t\t\/* see gallery_shortcode() in wp-includes\/media.php *\/\n\t\t<\/style>\n\t\t<div id='gallery-1' class='gallery galleryid-320 gallery-columns-3 gallery-size-thumbnail'><dl class='gallery-item'>\n\t\t\t<dt class='gallery-icon landscape'>\n\t\t\t\t<a href='https:\/\/www.galeriegrenadine.com\/melun\/wp-content\/uploads\/sites\/4\/2014\/08\/Mardon-6.jpg'><img loading=\"lazy\" decoding=\"async\" width=\"300\" height=\"200\" src=\"https:\/\/www.galeriegrenadine.com\/melun\/wp-content\/uploads\/sites\/4\/2014\/08\/Mardon-6-300x200.jpg\" class=\"attachment-thumbnail size-thumbnail\" alt=\"\" \/><\/a>\n\t\t\t<\/dt><\/dl><dl class='gallery-item'>\n\t\t\t<dt class='gallery-icon landscape'>\n\t\t\t\t<a href='https:\/\/www.galeriegrenadine.com\/melun\/wp-content\/uploads\/sites\/4\/2014\/08\/Mardon-22.jpg'><img loading=\"lazy\" decoding=\"async\" width=\"300\" height=\"200\" src=\"https:\/\/www.galeriegrenadine.com\/melun\/wp-content\/uploads\/sites\/4\/2014\/08\/Mardon-22-300x200.jpg\" class=\"attachment-thumbnail size-thumbnail\" alt=\"\" \/><\/a>\n\t\t\t<\/dt><\/dl><dl class='gallery-item'>\n\t\t\t<dt class='gallery-icon landscape'>\n\t\t\t\t<a href='https:\/\/www.galeriegrenadine.com\/melun\/wp-content\/uploads\/sites\/4\/2014\/08\/Mardon-9.jpg'><img loading=\"lazy\" decoding=\"async\" width=\"300\" height=\"200\" src=\"https:\/\/www.galeriegrenadine.com\/melun\/wp-content\/uploads\/sites\/4\/2014\/08\/Mardon-9-300x200.jpg\" class=\"attachment-thumbnail size-thumbnail\" alt=\"\" \/><\/a>\n\t\t\t<\/dt><\/dl><br style=\"clear: both\" \/>\n\t\t<\/div>\n\n","protected":false},"excerpt":{"rendered":"<p>Notre studio photo {Grenadine} propose jusqu\u2019au 16 Juin 2013 une offre sp\u00e9ciale F\u00eate des P\u00e8res avec un shooting photo avec les enfants avant cette date et\u00a0une autre s\u00e9ance apr\u00e8s avec toute la famille. Un\u00a0cadeau original\u00a0mais surtout inoubliable pour seulement\u00a077\u20ac\u00a0 !!! Pendant cette premi\u00e8re demi-heure, nous avons r\u00e9alis\u00e9 des photos de maman avec les enfants, des <a href=\"https:\/\/www.galeriegrenadine.com\/melun\/blog\/2013\/06\/06\/idee-cadeau-fete-des-peres\/\" title=\"Id\u00e9e cadeau f\u00eate des p\u00e8res !\" rel=\"bookmark\">[Lire la suite]<\/a><\/p>\n","protected":false},"author":1,"featured_media":323,"comment_status":"closed","ping_status":"closed","sticky":false,"template":"","format":"standard","meta":{"_et_pb_use_builder":"","_et_pb_old_content":"","_et_gb_content_width":"","_uf_show_specific_survey":0,"_uf_disable_surveys":false,"footnotes":""},"categories":[23,13],"tags":[],"class_list":["post-320","post","type-post","status-publish","format-standard","has-post-thumbnail","hentry","category-actu-du-studio","category-en-famille"],"yoast_head":"<!-- This site is optimized with the Yoast SEO plugin v27.5 - https:\/\/yoast.com\/product\/yoast-seo-wordpress\/ -->\n<title>Id\u00e9e cadeau f\u00eate des p\u00e8res ! - Grenadine Photographe Melun<\/title>\n<meta name=\"robots\" content=\"index, follow, max-snippet:-1, max-image-preview:large, max-video-preview:-1\" \/>\n<link rel=\"canonical\" href=\"https:\/\/www.galeriegrenadine.com\/melun\/blog\/2013\/06\/06\/idee-cadeau-fete-des-peres\/\" \/>\n<meta property=\"og:locale\" content=\"fr_FR\" \/>\n<meta property=\"og:type\" content=\"article\" \/>\n<meta property=\"og:title\" content=\"Id\u00e9e cadeau f\u00eate des p\u00e8res ! - Grenadine Photographe Melun\" \/>\n<meta property=\"og:description\" content=\"Notre studio photo {Grenadine} propose jusqu\u2019au 16 Juin 2013 une offre sp\u00e9ciale F\u00eate des P\u00e8res avec un shooting photo avec les enfants avant cette date et\u00a0une autre s\u00e9ance apr\u00e8s avec toute la famille. Un\u00a0cadeau original\u00a0mais surtout inoubliable pour seulement\u00a077\u20ac\u00a0 !!! Pendant cette premi\u00e8re demi-heure, nous avons r\u00e9alis\u00e9 des photos de maman avec les enfants, des [Lire la suite]\" \/>\n<meta property=\"og:url\" content=\"https:\/\/www.galeriegrenadine.com\/melun\/blog\/2013\/06\/06\/idee-cadeau-fete-des-peres\/\" \/>\n<meta property=\"og:site_name\" content=\"Grenadine Photographe Melun\" \/>\n<meta property=\"article:publisher\" content=\"https:\/\/www.facebook.com\/GalerieGrenadine\" \/>\n<meta property=\"article:published_time\" content=\"2013-06-06T17:35:53+00:00\" \/>\n<meta property=\"article:modified_time\" content=\"2014-08-29T17:38:41+00:00\" \/>\n<meta property=\"og:image\" content=\"https:\/\/www.galeriegrenadine.com\/melun\/wp-content\/uploads\/sites\/4\/2014\/08\/Mardon-9.jpg\" \/>\n\t<meta property=\"og:image:width\" content=\"1200\" \/>\n\t<meta property=\"og:image:height\" content=\"694\" \/>\n\t<meta property=\"og:image:type\" content=\"image\/jpeg\" \/>\n<meta name=\"author\" content=\"admingrenad\" \/>\n<meta name=\"twitter:card\" content=\"summary_large_image\" \/>\n<meta name=\"twitter:label1\" content=\"\u00c9crit par\" \/>\n\t<meta name=\"twitter:data1\" content=\"admingrenad\" \/>\n\t<meta name=\"twitter:label2\" content=\"Dur\u00e9e de lecture estim\u00e9e\" \/>\n\t<meta name=\"twitter:data2\" content=\"1 minute\" \/>\n<script type=\"application\/ld+json\" class=\"yoast-schema-graph\">{\"@context\":\"https:\\\/\\\/schema.org\",\"@graph\":[{\"@type\":\"Article\",\"@id\":\"https:\\\/\\\/www.galeriegrenadine.com\\\/melun\\\/blog\\\/2013\\\/06\\\/06\\\/idee-cadeau-fete-des-peres\\\/#article\",\"isPartOf\":{\"@id\":\"https:\\\/\\\/www.galeriegrenadine.com\\\/melun\\\/blog\\\/2013\\\/06\\\/06\\\/idee-cadeau-fete-des-peres\\\/\"},\"author\":{\"name\":\"admingrenad\",\"@id\":\"https:\\\/\\\/www.galeriegrenadine.com\\\/melun\\\/#\\\/schema\\\/person\\\/36c3d677667271ce5ea23dab434444c5\"},\"headline\":\"Id\u00e9e cadeau f\u00eate des p\u00e8res !\",\"datePublished\":\"2013-06-06T17:35:53+00:00\",\"dateModified\":\"2014-08-29T17:38:41+00:00\",\"mainEntityOfPage\":{\"@id\":\"https:\\\/\\\/www.galeriegrenadine.com\\\/melun\\\/blog\\\/2013\\\/06\\\/06\\\/idee-cadeau-fete-des-peres\\\/\"},\"wordCount\":124,\"image\":{\"@id\":\"https:\\\/\\\/www.galeriegrenadine.com\\\/melun\\\/blog\\\/2013\\\/06\\\/06\\\/idee-cadeau-fete-des-peres\\\/#primaryimage\"},\"thumbnailUrl\":\"https:\\\/\\\/www.galeriegrenadine.com\\\/melun\\\/wp-content\\\/uploads\\\/sites\\\/4\\\/2014\\\/08\\\/Mardon-9.jpg\",\"articleSection\":[\"Actu du Studio\",\"En famille\"],\"inLanguage\":\"fr-FR\"},{\"@type\":\"WebPage\",\"@id\":\"https:\\\/\\\/www.galeriegrenadine.com\\\/melun\\\/blog\\\/2013\\\/06\\\/06\\\/idee-cadeau-fete-des-peres\\\/\",\"url\":\"https:\\\/\\\/www.galeriegrenadine.com\\\/melun\\\/blog\\\/2013\\\/06\\\/06\\\/idee-cadeau-fete-des-peres\\\/\",\"name\":\"Id\u00e9e cadeau f\u00eate des p\u00e8res ! - Grenadine Photographe Melun\",\"isPartOf\":{\"@id\":\"https:\\\/\\\/www.galeriegrenadine.com\\\/melun\\\/#website\"},\"primaryImageOfPage\":{\"@id\":\"https:\\\/\\\/www.galeriegrenadine.com\\\/melun\\\/blog\\\/2013\\\/06\\\/06\\\/idee-cadeau-fete-des-peres\\\/#primaryimage\"},\"image\":{\"@id\":\"https:\\\/\\\/www.galeriegrenadine.com\\\/melun\\\/blog\\\/2013\\\/06\\\/06\\\/idee-cadeau-fete-des-peres\\\/#primaryimage\"},\"thumbnailUrl\":\"https:\\\/\\\/www.galeriegrenadine.com\\\/melun\\\/wp-content\\\/uploads\\\/sites\\\/4\\\/2014\\\/08\\\/Mardon-9.jpg\",\"datePublished\":\"2013-06-06T17:35:53+00:00\",\"dateModified\":\"2014-08-29T17:38:41+00:00\",\"author\":{\"@id\":\"https:\\\/\\\/www.galeriegrenadine.com\\\/melun\\\/#\\\/schema\\\/person\\\/36c3d677667271ce5ea23dab434444c5\"},\"breadcrumb\":{\"@id\":\"https:\\\/\\\/www.galeriegrenadine.com\\\/melun\\\/blog\\\/2013\\\/06\\\/06\\\/idee-cadeau-fete-des-peres\\\/#breadcrumb\"},\"inLanguage\":\"fr-FR\",\"potentialAction\":[{\"@type\":\"ReadAction\",\"target\":[\"https:\\\/\\\/www.galeriegrenadine.com\\\/melun\\\/blog\\\/2013\\\/06\\\/06\\\/idee-cadeau-fete-des-peres\\\/\"]}]},{\"@type\":\"ImageObject\",\"inLanguage\":\"fr-FR\",\"@id\":\"https:\\\/\\\/www.galeriegrenadine.com\\\/melun\\\/blog\\\/2013\\\/06\\\/06\\\/idee-cadeau-fete-des-peres\\\/#primaryimage\",\"url\":\"https:\\\/\\\/www.galeriegrenadine.com\\\/melun\\\/wp-content\\\/uploads\\\/sites\\\/4\\\/2014\\\/08\\\/Mardon-9.jpg\",\"contentUrl\":\"https:\\\/\\\/www.galeriegrenadine.com\\\/melun\\\/wp-content\\\/uploads\\\/sites\\\/4\\\/2014\\\/08\\\/Mardon-9.jpg\",\"width\":1200,\"height\":694},{\"@type\":\"BreadcrumbList\",\"@id\":\"https:\\\/\\\/www.galeriegrenadine.com\\\/melun\\\/blog\\\/2013\\\/06\\\/06\\\/idee-cadeau-fete-des-peres\\\/#breadcrumb\",\"itemListElement\":[{\"@type\":\"ListItem\",\"position\":1,\"name\":\"Accueil\",\"item\":\"https:\\\/\\\/www.galeriegrenadine.com\\\/melun\\\/\"},{\"@type\":\"ListItem\",\"position\":2,\"name\":\"Id\u00e9e cadeau f\u00eate des p\u00e8res !\"}]},{\"@type\":\"WebSite\",\"@id\":\"https:\\\/\\\/www.galeriegrenadine.com\\\/melun\\\/#website\",\"url\":\"https:\\\/\\\/www.galeriegrenadine.com\\\/melun\\\/\",\"name\":\"Grenadine Photographe Melun\",\"description\":\"Votre photographe portraitiste\",\"potentialAction\":[{\"@type\":\"SearchAction\",\"target\":{\"@type\":\"EntryPoint\",\"urlTemplate\":\"https:\\\/\\\/www.galeriegrenadine.com\\\/melun\\\/?s={search_term_string}\"},\"query-input\":{\"@type\":\"PropertyValueSpecification\",\"valueRequired\":true,\"valueName\":\"search_term_string\"}}],\"inLanguage\":\"fr-FR\"},{\"@type\":\"Person\",\"@id\":\"https:\\\/\\\/www.galeriegrenadine.com\\\/melun\\\/#\\\/schema\\\/person\\\/36c3d677667271ce5ea23dab434444c5\",\"name\":\"admingrenad\"}]}<\/script>\n<!-- \/ Yoast SEO plugin. -->","yoast_head_json":{"title":"Id\u00e9e cadeau f\u00eate des p\u00e8res ! - Grenadine Photographe Melun","robots":{"index":"index","follow":"follow","max-snippet":"max-snippet:-1","max-image-preview":"max-image-preview:large","max-video-preview":"max-video-preview:-1"},"canonical":"https:\/\/www.galeriegrenadine.com\/melun\/blog\/2013\/06\/06\/idee-cadeau-fete-des-peres\/","og_locale":"fr_FR","og_type":"article","og_title":"Id\u00e9e cadeau f\u00eate des p\u00e8res ! - Grenadine Photographe Melun","og_description":"Notre studio photo {Grenadine} propose jusqu\u2019au 16 Juin 2013 une offre sp\u00e9ciale F\u00eate des P\u00e8res avec un shooting photo avec les enfants avant cette date et\u00a0une autre s\u00e9ance apr\u00e8s avec toute la famille. Un\u00a0cadeau original\u00a0mais surtout inoubliable pour seulement\u00a077\u20ac\u00a0 !!! Pendant cette premi\u00e8re demi-heure, nous avons r\u00e9alis\u00e9 des photos de maman avec les enfants, des [Lire la suite]","og_url":"https:\/\/www.galeriegrenadine.com\/melun\/blog\/2013\/06\/06\/idee-cadeau-fete-des-peres\/","og_site_name":"Grenadine Photographe Melun","article_publisher":"https:\/\/www.facebook.com\/GalerieGrenadine","article_published_time":"2013-06-06T17:35:53+00:00","article_modified_time":"2014-08-29T17:38:41+00:00","og_image":[{"width":1200,"height":694,"url":"https:\/\/www.galeriegrenadine.com\/melun\/wp-content\/uploads\/sites\/4\/2014\/08\/Mardon-9.jpg","type":"image\/jpeg"}],"author":"admingrenad","twitter_card":"summary_large_image","twitter_misc":{"\u00c9crit par":"admingrenad","Dur\u00e9e de lecture estim\u00e9e":"1 minute"},"schema":{"@context":"https:\/\/schema.org","@graph":[{"@type":"Article","@id":"https:\/\/www.galeriegrenadine.com\/melun\/blog\/2013\/06\/06\/idee-cadeau-fete-des-peres\/#article","isPartOf":{"@id":"https:\/\/www.galeriegrenadine.com\/melun\/blog\/2013\/06\/06\/idee-cadeau-fete-des-peres\/"},"author":{"name":"admingrenad","@id":"https:\/\/www.galeriegrenadine.com\/melun\/#\/schema\/person\/36c3d677667271ce5ea23dab434444c5"},"headline":"Id\u00e9e cadeau f\u00eate des p\u00e8res !","datePublished":"2013-06-06T17:35:53+00:00","dateModified":"2014-08-29T17:38:41+00:00","mainEntityOfPage":{"@id":"https:\/\/www.galeriegrenadine.com\/melun\/blog\/2013\/06\/06\/idee-cadeau-fete-des-peres\/"},"wordCount":124,"image":{"@id":"https:\/\/www.galeriegrenadine.com\/melun\/blog\/2013\/06\/06\/idee-cadeau-fete-des-peres\/#primaryimage"},"thumbnailUrl":"https:\/\/www.galeriegrenadine.com\/melun\/wp-content\/uploads\/sites\/4\/2014\/08\/Mardon-9.jpg","articleSection":["Actu du Studio","En famille"],"inLanguage":"fr-FR"},{"@type":"WebPage","@id":"https:\/\/www.galeriegrenadine.com\/melun\/blog\/2013\/06\/06\/idee-cadeau-fete-des-peres\/","url":"https:\/\/www.galeriegrenadine.com\/melun\/blog\/2013\/06\/06\/idee-cadeau-fete-des-peres\/","name":"Id\u00e9e cadeau f\u00eate des p\u00e8res ! - Grenadine Photographe Melun","isPartOf":{"@id":"https:\/\/www.galeriegrenadine.com\/melun\/#website"},"primaryImageOfPage":{"@id":"https:\/\/www.galeriegrenadine.com\/melun\/blog\/2013\/06\/06\/idee-cadeau-fete-des-peres\/#primaryimage"},"image":{"@id":"https:\/\/www.galeriegrenadine.com\/melun\/blog\/2013\/06\/06\/idee-cadeau-fete-des-peres\/#primaryimage"},"thumbnailUrl":"https:\/\/www.galeriegrenadine.com\/melun\/wp-content\/uploads\/sites\/4\/2014\/08\/Mardon-9.jpg","datePublished":"2013-06-06T17:35:53+00:00","dateModified":"2014-08-29T17:38:41+00:00","author":{"@id":"https:\/\/www.galeriegrenadine.com\/melun\/#\/schema\/person\/36c3d677667271ce5ea23dab434444c5"},"breadcrumb":{"@id":"https:\/\/www.galeriegrenadine.com\/melun\/blog\/2013\/06\/06\/idee-cadeau-fete-des-peres\/#breadcrumb"},"inLanguage":"fr-FR","potentialAction":[{"@type":"ReadAction","target":["https:\/\/www.galeriegrenadine.com\/melun\/blog\/2013\/06\/06\/idee-cadeau-fete-des-peres\/"]}]},{"@type":"ImageObject","inLanguage":"fr-FR","@id":"https:\/\/www.galeriegrenadine.com\/melun\/blog\/2013\/06\/06\/idee-cadeau-fete-des-peres\/#primaryimage","url":"https:\/\/www.galeriegrenadine.com\/melun\/wp-content\/uploads\/sites\/4\/2014\/08\/Mardon-9.jpg","contentUrl":"https:\/\/www.galeriegrenadine.com\/melun\/wp-content\/uploads\/sites\/4\/2014\/08\/Mardon-9.jpg","width":1200,"height":694},{"@type":"BreadcrumbList","@id":"https:\/\/www.galeriegrenadine.com\/melun\/blog\/2013\/06\/06\/idee-cadeau-fete-des-peres\/#breadcrumb","itemListElement":[{"@type":"ListItem","position":1,"name":"Accueil","item":"https:\/\/www.galeriegrenadine.com\/melun\/"},{"@type":"ListItem","position":2,"name":"Id\u00e9e cadeau f\u00eate des p\u00e8res !"}]},{"@type":"WebSite","@id":"https:\/\/www.galeriegrenadine.com\/melun\/#website","url":"https:\/\/www.galeriegrenadine.com\/melun\/","name":"Grenadine Photographe Melun","description":"Votre photographe portraitiste","potentialAction":[{"@type":"SearchAction","target":{"@type":"EntryPoint","urlTemplate":"https:\/\/www.galeriegrenadine.com\/melun\/?s={search_term_string}"},"query-input":{"@type":"PropertyValueSpecification","valueRequired":true,"valueName":"search_term_string"}}],"inLanguage":"fr-FR"},{"@type":"Person","@id":"https:\/\/www.galeriegrenadine.com\/melun\/#\/schema\/person\/36c3d677667271ce5ea23dab434444c5","name":"admingrenad"}]}},"_links":{"self":[{"href":"https:\/\/www.galeriegrenadine.com\/melun\/wp-json\/wp\/v2\/posts\/320","targetHints":{"allow":["GET"]}}],"collection":[{"href":"https:\/\/www.galeriegrenadine.com\/melun\/wp-json\/wp\/v2\/posts"}],"about":[{"href":"https:\/\/www.galeriegrenadine.com\/melun\/wp-json\/wp\/v2\/types\/post"}],"author":[{"embeddable":true,"href":"https:\/\/www.galeriegrenadine.com\/melun\/wp-json\/wp\/v2\/users\/1"}],"replies":[{"embeddable":true,"href":"https:\/\/www.galeriegrenadine.com\/melun\/wp-json\/wp\/v2\/comments?post=320"}],"version-history":[{"count":0,"href":"https:\/\/www.galeriegrenadine.com\/melun\/wp-json\/wp\/v2\/posts\/320\/revisions"}],"wp:featuredmedia":[{"embeddable":true,"href":"https:\/\/www.galeriegrenadine.com\/melun\/wp-json\/wp\/v2\/media\/323"}],"wp:attachment":[{"href":"https:\/\/www.galeriegrenadine.com\/melun\/wp-json\/wp\/v2\/media?parent=320"}],"wp:term":[{"taxonomy":"category","embeddable":true,"href":"https:\/\/www.galeriegrenadine.com\/melun\/wp-json\/wp\/v2\/categories?post=320"},{"taxonomy":"post_tag","embeddable":true,"href":"https:\/\/www.galeriegrenadine.com\/melun\/wp-json\/wp\/v2\/tags?post=320"}],"curies":[{"name":"wp","href":"https:\/\/api.w.org\/{rel}","templated":true}]}}