{"id":1,"date":"2014-07-22T16:27:19","date_gmt":"2014-07-22T14:27:19","guid":{"rendered":"https:\/\/www.galeriegrenadine.com\/melun\/?p=1"},"modified":"2014-09-03T19:41:11","modified_gmt":"2014-09-03T17:41:11","slug":"photographe-famille-bebe","status":"publish","type":"post","link":"https:\/\/www.galeriegrenadine.com\/melun\/blog\/2014\/07\/22\/photographe-famille-bebe\/","title":{"rendered":"Photographe de famille et de b\u00e9b\u00e9"},"content":{"rendered":"<p>Photographe de b\u00e9b\u00e9, nourrisson et nouveau-n\u00e9 en seine et marne {77}, la Galerie Studio Grenadine propose des s\u00e9ances photos en studio avec toute votre famille.<\/p>\n<p><a href=\"https:\/\/www.galeriegrenadine.com\/melun\/wp-content\/uploads\/sites\/4\/2014\/08\/Grenadine-2-copie.jpg\"><img loading=\"lazy\" decoding=\"async\" src=\"https:\/\/www.galeriegrenadine.com\/melun\/wp-content\/uploads\/sites\/4\/2014\/08\/Grenadine-2-copie-600x334.jpg\" alt=\"C'est moi la grande, maintenant !\" width=\"600\" height=\"334\" \/><\/a><\/p>\n<p>Un shooting photo de 30\/40 minutes avec un photographe professionnel en douceur et en musique ! <a title=\"L\u2019exp\u00e9rience Grenadine\" href=\"https:\/\/www.galeriegrenadine.com\/lexperience\/\" target=\"_blank\">L\u2019exp\u00e9rience photographique<\/a> chez Grenadine se d\u00e9compose en 3 \u00e9tapes.<br \/>\n1 \/ Un premier rendez-vous avec Benoit pour votre s\u00e9ance photo.<br \/>\n2 \/ Un second rendez-vous avec Morgane pour la visualisation et la s\u00e9lection de vos images dans notre salon priv\u00e9.<br \/>\n3 \/ Un dernier rendez-vous avec Nissrine pour r\u00e9cup\u00e9rer votre livraison finale de vos produits.<br \/>\nEn album, \u00e0 encadrer ou \u00e0 accrocher, la Galerie et le Studio Grenadine vous accompagnera afin de choisir vos coups de c\u0153urs selon vos envies.\u00a0Renseignements personnalis\u00e9s au 0164373585.<br \/>\n<a href=\"https:\/\/www.galeriegrenadine.com\/melun\/wp-content\/uploads\/sites\/4\/2014\/08\/Votre-bebe-est-le-plus-beau.jpg\"><img loading=\"lazy\" decoding=\"async\" src=\"https:\/\/www.galeriegrenadine.com\/melun\/wp-content\/uploads\/sites\/4\/2014\/08\/Votre-bebe-est-le-plus-beau-600x400.jpg\" alt=\"Votre b\u00e9b\u00e9 est le plus beau\" width=\"600\" height=\"400\" \/><\/a><\/p>\n","protected":false},"excerpt":{"rendered":"<p>Photographe de b\u00e9b\u00e9, nourrisson et nouveau-n\u00e9 en seine et marne {77}, la Galerie Studio Grenadine propose des s\u00e9ances photos en studio avec toute votre famille. Un shooting photo de 30\/40 minutes avec un photographe professionnel en douceur et en musique ! L\u2019exp\u00e9rience photographique chez Grenadine se d\u00e9compose en 3 \u00e9tapes. 1 \/ Un premier rendez-vous <a href=\"https:\/\/www.galeriegrenadine.com\/melun\/blog\/2014\/07\/22\/photographe-famille-bebe\/\" title=\"Photographe de famille et de b\u00e9b\u00e9\" rel=\"bookmark\">[Lire la suite]<\/a><\/p>\n","protected":false},"author":1,"featured_media":12,"comment_status":"open","ping_status":"open","sticky":false,"template":"","format":"standard","meta":{"_et_pb_use_builder":"","_et_pb_old_content":"","_et_gb_content_width":"","_uf_show_specific_survey":0,"_uf_disable_surveys":false,"footnotes":""},"categories":[13],"tags":[],"class_list":["post-1","post","type-post","status-publish","format-standard","has-post-thumbnail","hentry","category-en-famille"],"yoast_head":"<!-- This site is optimized with the Yoast SEO plugin v27.5 - https:\/\/yoast.com\/product\/yoast-seo-wordpress\/ -->\n<title>Photographe de famille et de b\u00e9b\u00e9 - Grenadine Photographe Melun<\/title>\n<meta name=\"robots\" content=\"index, follow, max-snippet:-1, max-image-preview:large, max-video-preview:-1\" \/>\n<link rel=\"canonical\" href=\"https:\/\/www.galeriegrenadine.com\/melun\/blog\/2014\/07\/22\/photographe-famille-bebe\/\" \/>\n<meta property=\"og:locale\" content=\"fr_FR\" \/>\n<meta property=\"og:type\" content=\"article\" \/>\n<meta property=\"og:title\" content=\"Photographe de famille et de b\u00e9b\u00e9 - Grenadine Photographe Melun\" \/>\n<meta property=\"og:description\" content=\"Photographe de b\u00e9b\u00e9, nourrisson et nouveau-n\u00e9 en seine et marne {77}, la Galerie Studio Grenadine propose des s\u00e9ances photos en studio avec toute votre famille. Un shooting photo de 30\/40 minutes avec un photographe professionnel en douceur et en musique ! L\u2019exp\u00e9rience photographique chez Grenadine se d\u00e9compose en 3 \u00e9tapes. 1 \/ Un premier rendez-vous [Lire la suite]\" \/>\n<meta property=\"og:url\" content=\"https:\/\/www.galeriegrenadine.com\/melun\/blog\/2014\/07\/22\/photographe-famille-bebe\/\" \/>\n<meta property=\"og:site_name\" content=\"Grenadine Photographe Melun\" \/>\n<meta property=\"article:publisher\" content=\"https:\/\/www.facebook.com\/GalerieGrenadine\" \/>\n<meta property=\"article:published_time\" content=\"2014-07-22T14:27:19+00:00\" \/>\n<meta property=\"article:modified_time\" content=\"2014-09-03T17:41:11+00:00\" \/>\n<meta property=\"og:image\" content=\"https:\/\/www.galeriegrenadine.com\/melun\/wp-content\/uploads\/sites\/4\/2014\/08\/Votre-bebe-est-le-plus-beau.jpg\" \/>\n\t<meta property=\"og:image:width\" content=\"1181\" \/>\n\t<meta property=\"og:image:height\" content=\"787\" \/>\n\t<meta property=\"og:image:type\" content=\"image\/jpeg\" \/>\n<meta name=\"author\" content=\"admingrenad\" \/>\n<meta name=\"twitter:card\" content=\"summary_large_image\" \/>\n<meta name=\"twitter:label1\" content=\"\u00c9crit par\" \/>\n\t<meta name=\"twitter:data1\" content=\"admingrenad\" \/>\n\t<meta name=\"twitter:label2\" content=\"Dur\u00e9e de lecture estim\u00e9e\" \/>\n\t<meta name=\"twitter:data2\" content=\"1 minute\" \/>\n<script type=\"application\/ld+json\" class=\"yoast-schema-graph\">{\"@context\":\"https:\\\/\\\/schema.org\",\"@graph\":[{\"@type\":\"Article\",\"@id\":\"https:\\\/\\\/www.galeriegrenadine.com\\\/melun\\\/blog\\\/2014\\\/07\\\/22\\\/photographe-famille-bebe\\\/#article\",\"isPartOf\":{\"@id\":\"https:\\\/\\\/www.galeriegrenadine.com\\\/melun\\\/blog\\\/2014\\\/07\\\/22\\\/photographe-famille-bebe\\\/\"},\"author\":{\"name\":\"admingrenad\",\"@id\":\"https:\\\/\\\/www.galeriegrenadine.com\\\/melun\\\/#\\\/schema\\\/person\\\/36c3d677667271ce5ea23dab434444c5\"},\"headline\":\"Photographe de famille et de b\u00e9b\u00e9\",\"datePublished\":\"2014-07-22T14:27:19+00:00\",\"dateModified\":\"2014-09-03T17:41:11+00:00\",\"mainEntityOfPage\":{\"@id\":\"https:\\\/\\\/www.galeriegrenadine.com\\\/melun\\\/blog\\\/2014\\\/07\\\/22\\\/photographe-famille-bebe\\\/\"},\"wordCount\":130,\"commentCount\":0,\"image\":{\"@id\":\"https:\\\/\\\/www.galeriegrenadine.com\\\/melun\\\/blog\\\/2014\\\/07\\\/22\\\/photographe-famille-bebe\\\/#primaryimage\"},\"thumbnailUrl\":\"https:\\\/\\\/www.galeriegrenadine.com\\\/melun\\\/wp-content\\\/uploads\\\/sites\\\/4\\\/2014\\\/08\\\/Votre-bebe-est-le-plus-beau.jpg\",\"articleSection\":[\"En famille\"],\"inLanguage\":\"fr-FR\",\"potentialAction\":[{\"@type\":\"CommentAction\",\"name\":\"Comment\",\"target\":[\"https:\\\/\\\/www.galeriegrenadine.com\\\/melun\\\/blog\\\/2014\\\/07\\\/22\\\/photographe-famille-bebe\\\/#respond\"]}]},{\"@type\":\"WebPage\",\"@id\":\"https:\\\/\\\/www.galeriegrenadine.com\\\/melun\\\/blog\\\/2014\\\/07\\\/22\\\/photographe-famille-bebe\\\/\",\"url\":\"https:\\\/\\\/www.galeriegrenadine.com\\\/melun\\\/blog\\\/2014\\\/07\\\/22\\\/photographe-famille-bebe\\\/\",\"name\":\"Photographe de famille et de b\u00e9b\u00e9 - Grenadine Photographe Melun\",\"isPartOf\":{\"@id\":\"https:\\\/\\\/www.galeriegrenadine.com\\\/melun\\\/#website\"},\"primaryImageOfPage\":{\"@id\":\"https:\\\/\\\/www.galeriegrenadine.com\\\/melun\\\/blog\\\/2014\\\/07\\\/22\\\/photographe-famille-bebe\\\/#primaryimage\"},\"image\":{\"@id\":\"https:\\\/\\\/www.galeriegrenadine.com\\\/melun\\\/blog\\\/2014\\\/07\\\/22\\\/photographe-famille-bebe\\\/#primaryimage\"},\"thumbnailUrl\":\"https:\\\/\\\/www.galeriegrenadine.com\\\/melun\\\/wp-content\\\/uploads\\\/sites\\\/4\\\/2014\\\/08\\\/Votre-bebe-est-le-plus-beau.jpg\",\"datePublished\":\"2014-07-22T14:27:19+00:00\",\"dateModified\":\"2014-09-03T17:41:11+00:00\",\"author\":{\"@id\":\"https:\\\/\\\/www.galeriegrenadine.com\\\/melun\\\/#\\\/schema\\\/person\\\/36c3d677667271ce5ea23dab434444c5\"},\"breadcrumb\":{\"@id\":\"https:\\\/\\\/www.galeriegrenadine.com\\\/melun\\\/blog\\\/2014\\\/07\\\/22\\\/photographe-famille-bebe\\\/#breadcrumb\"},\"inLanguage\":\"fr-FR\",\"potentialAction\":[{\"@type\":\"ReadAction\",\"target\":[\"https:\\\/\\\/www.galeriegrenadine.com\\\/melun\\\/blog\\\/2014\\\/07\\\/22\\\/photographe-famille-bebe\\\/\"]}]},{\"@type\":\"ImageObject\",\"inLanguage\":\"fr-FR\",\"@id\":\"https:\\\/\\\/www.galeriegrenadine.com\\\/melun\\\/blog\\\/2014\\\/07\\\/22\\\/photographe-famille-bebe\\\/#primaryimage\",\"url\":\"https:\\\/\\\/www.galeriegrenadine.com\\\/melun\\\/wp-content\\\/uploads\\\/sites\\\/4\\\/2014\\\/08\\\/Votre-bebe-est-le-plus-beau.jpg\",\"contentUrl\":\"https:\\\/\\\/www.galeriegrenadine.com\\\/melun\\\/wp-content\\\/uploads\\\/sites\\\/4\\\/2014\\\/08\\\/Votre-bebe-est-le-plus-beau.jpg\",\"width\":1181,\"height\":787},{\"@type\":\"BreadcrumbList\",\"@id\":\"https:\\\/\\\/www.galeriegrenadine.com\\\/melun\\\/blog\\\/2014\\\/07\\\/22\\\/photographe-famille-bebe\\\/#breadcrumb\",\"itemListElement\":[{\"@type\":\"ListItem\",\"position\":1,\"name\":\"Accueil\",\"item\":\"https:\\\/\\\/www.galeriegrenadine.com\\\/melun\\\/\"},{\"@type\":\"ListItem\",\"position\":2,\"name\":\"Photographe de famille et de b\u00e9b\u00e9\"}]},{\"@type\":\"WebSite\",\"@id\":\"https:\\\/\\\/www.galeriegrenadine.com\\\/melun\\\/#website\",\"url\":\"https:\\\/\\\/www.galeriegrenadine.com\\\/melun\\\/\",\"name\":\"Grenadine Photographe Melun\",\"description\":\"Votre photographe portraitiste\",\"potentialAction\":[{\"@type\":\"SearchAction\",\"target\":{\"@type\":\"EntryPoint\",\"urlTemplate\":\"https:\\\/\\\/www.galeriegrenadine.com\\\/melun\\\/?s={search_term_string}\"},\"query-input\":{\"@type\":\"PropertyValueSpecification\",\"valueRequired\":true,\"valueName\":\"search_term_string\"}}],\"inLanguage\":\"fr-FR\"},{\"@type\":\"Person\",\"@id\":\"https:\\\/\\\/www.galeriegrenadine.com\\\/melun\\\/#\\\/schema\\\/person\\\/36c3d677667271ce5ea23dab434444c5\",\"name\":\"admingrenad\"}]}<\/script>\n<!-- \/ Yoast SEO plugin. -->","yoast_head_json":{"title":"Photographe de famille et de b\u00e9b\u00e9 - Grenadine Photographe Melun","robots":{"index":"index","follow":"follow","max-snippet":"max-snippet:-1","max-image-preview":"max-image-preview:large","max-video-preview":"max-video-preview:-1"},"canonical":"https:\/\/www.galeriegrenadine.com\/melun\/blog\/2014\/07\/22\/photographe-famille-bebe\/","og_locale":"fr_FR","og_type":"article","og_title":"Photographe de famille et de b\u00e9b\u00e9 - Grenadine Photographe Melun","og_description":"Photographe de b\u00e9b\u00e9, nourrisson et nouveau-n\u00e9 en seine et marne {77}, la Galerie Studio Grenadine propose des s\u00e9ances photos en studio avec toute votre famille. Un shooting photo de 30\/40 minutes avec un photographe professionnel en douceur et en musique ! L\u2019exp\u00e9rience photographique chez Grenadine se d\u00e9compose en 3 \u00e9tapes. 1 \/ Un premier rendez-vous [Lire la suite]","og_url":"https:\/\/www.galeriegrenadine.com\/melun\/blog\/2014\/07\/22\/photographe-famille-bebe\/","og_site_name":"Grenadine Photographe Melun","article_publisher":"https:\/\/www.facebook.com\/GalerieGrenadine","article_published_time":"2014-07-22T14:27:19+00:00","article_modified_time":"2014-09-03T17:41:11+00:00","og_image":[{"width":1181,"height":787,"url":"https:\/\/www.galeriegrenadine.com\/melun\/wp-content\/uploads\/sites\/4\/2014\/08\/Votre-bebe-est-le-plus-beau.jpg","type":"image\/jpeg"}],"author":"admingrenad","twitter_card":"summary_large_image","twitter_misc":{"\u00c9crit par":"admingrenad","Dur\u00e9e de lecture estim\u00e9e":"1 minute"},"schema":{"@context":"https:\/\/schema.org","@graph":[{"@type":"Article","@id":"https:\/\/www.galeriegrenadine.com\/melun\/blog\/2014\/07\/22\/photographe-famille-bebe\/#article","isPartOf":{"@id":"https:\/\/www.galeriegrenadine.com\/melun\/blog\/2014\/07\/22\/photographe-famille-bebe\/"},"author":{"name":"admingrenad","@id":"https:\/\/www.galeriegrenadine.com\/melun\/#\/schema\/person\/36c3d677667271ce5ea23dab434444c5"},"headline":"Photographe de famille et de b\u00e9b\u00e9","datePublished":"2014-07-22T14:27:19+00:00","dateModified":"2014-09-03T17:41:11+00:00","mainEntityOfPage":{"@id":"https:\/\/www.galeriegrenadine.com\/melun\/blog\/2014\/07\/22\/photographe-famille-bebe\/"},"wordCount":130,"commentCount":0,"image":{"@id":"https:\/\/www.galeriegrenadine.com\/melun\/blog\/2014\/07\/22\/photographe-famille-bebe\/#primaryimage"},"thumbnailUrl":"https:\/\/www.galeriegrenadine.com\/melun\/wp-content\/uploads\/sites\/4\/2014\/08\/Votre-bebe-est-le-plus-beau.jpg","articleSection":["En famille"],"inLanguage":"fr-FR","potentialAction":[{"@type":"CommentAction","name":"Comment","target":["https:\/\/www.galeriegrenadine.com\/melun\/blog\/2014\/07\/22\/photographe-famille-bebe\/#respond"]}]},{"@type":"WebPage","@id":"https:\/\/www.galeriegrenadine.com\/melun\/blog\/2014\/07\/22\/photographe-famille-bebe\/","url":"https:\/\/www.galeriegrenadine.com\/melun\/blog\/2014\/07\/22\/photographe-famille-bebe\/","name":"Photographe de famille et de b\u00e9b\u00e9 - Grenadine Photographe Melun","isPartOf":{"@id":"https:\/\/www.galeriegrenadine.com\/melun\/#website"},"primaryImageOfPage":{"@id":"https:\/\/www.galeriegrenadine.com\/melun\/blog\/2014\/07\/22\/photographe-famille-bebe\/#primaryimage"},"image":{"@id":"https:\/\/www.galeriegrenadine.com\/melun\/blog\/2014\/07\/22\/photographe-famille-bebe\/#primaryimage"},"thumbnailUrl":"https:\/\/www.galeriegrenadine.com\/melun\/wp-content\/uploads\/sites\/4\/2014\/08\/Votre-bebe-est-le-plus-beau.jpg","datePublished":"2014-07-22T14:27:19+00:00","dateModified":"2014-09-03T17:41:11+00:00","author":{"@id":"https:\/\/www.galeriegrenadine.com\/melun\/#\/schema\/person\/36c3d677667271ce5ea23dab434444c5"},"breadcrumb":{"@id":"https:\/\/www.galeriegrenadine.com\/melun\/blog\/2014\/07\/22\/photographe-famille-bebe\/#breadcrumb"},"inLanguage":"fr-FR","potentialAction":[{"@type":"ReadAction","target":["https:\/\/www.galeriegrenadine.com\/melun\/blog\/2014\/07\/22\/photographe-famille-bebe\/"]}]},{"@type":"ImageObject","inLanguage":"fr-FR","@id":"https:\/\/www.galeriegrenadine.com\/melun\/blog\/2014\/07\/22\/photographe-famille-bebe\/#primaryimage","url":"https:\/\/www.galeriegrenadine.com\/melun\/wp-content\/uploads\/sites\/4\/2014\/08\/Votre-bebe-est-le-plus-beau.jpg","contentUrl":"https:\/\/www.galeriegrenadine.com\/melun\/wp-content\/uploads\/sites\/4\/2014\/08\/Votre-bebe-est-le-plus-beau.jpg","width":1181,"height":787},{"@type":"BreadcrumbList","@id":"https:\/\/www.galeriegrenadine.com\/melun\/blog\/2014\/07\/22\/photographe-famille-bebe\/#breadcrumb","itemListElement":[{"@type":"ListItem","position":1,"name":"Accueil","item":"https:\/\/www.galeriegrenadine.com\/melun\/"},{"@type":"ListItem","position":2,"name":"Photographe de famille et de b\u00e9b\u00e9"}]},{"@type":"WebSite","@id":"https:\/\/www.galeriegrenadine.com\/melun\/#website","url":"https:\/\/www.galeriegrenadine.com\/melun\/","name":"Grenadine Photographe Melun","description":"Votre photographe portraitiste","potentialAction":[{"@type":"SearchAction","target":{"@type":"EntryPoint","urlTemplate":"https:\/\/www.galeriegrenadine.com\/melun\/?s={search_term_string}"},"query-input":{"@type":"PropertyValueSpecification","valueRequired":true,"valueName":"search_term_string"}}],"inLanguage":"fr-FR"},{"@type":"Person","@id":"https:\/\/www.galeriegrenadine.com\/melun\/#\/schema\/person\/36c3d677667271ce5ea23dab434444c5","name":"admingrenad"}]}},"_links":{"self":[{"href":"https:\/\/www.galeriegrenadine.com\/melun\/wp-json\/wp\/v2\/posts\/1","targetHints":{"allow":["GET"]}}],"collection":[{"href":"https:\/\/www.galeriegrenadine.com\/melun\/wp-json\/wp\/v2\/posts"}],"about":[{"href":"https:\/\/www.galeriegrenadine.com\/melun\/wp-json\/wp\/v2\/types\/post"}],"author":[{"embeddable":true,"href":"https:\/\/www.galeriegrenadine.com\/melun\/wp-json\/wp\/v2\/users\/1"}],"replies":[{"embeddable":true,"href":"https:\/\/www.galeriegrenadine.com\/melun\/wp-json\/wp\/v2\/comments?post=1"}],"version-history":[{"count":0,"href":"https:\/\/www.galeriegrenadine.com\/melun\/wp-json\/wp\/v2\/posts\/1\/revisions"}],"wp:featuredmedia":[{"embeddable":true,"href":"https:\/\/www.galeriegrenadine.com\/melun\/wp-json\/wp\/v2\/media\/12"}],"wp:attachment":[{"href":"https:\/\/www.galeriegrenadine.com\/melun\/wp-json\/wp\/v2\/media?parent=1"}],"wp:term":[{"taxonomy":"category","embeddable":true,"href":"https:\/\/www.galeriegrenadine.com\/melun\/wp-json\/wp\/v2\/categories?post=1"},{"taxonomy":"post_tag","embeddable":true,"href":"https:\/\/www.galeriegrenadine.com\/melun\/wp-json\/wp\/v2\/tags?post=1"}],"curies":[{"name":"wp","href":"https:\/\/api.w.org\/{rel}","templated":true}]}}