{"id":5463,"date":"2020-04-10T15:29:37","date_gmt":"2020-04-10T13:29:37","guid":{"rendered":"https:\/\/www.galeriegrenadine.com\/angers\/?p=5463"},"modified":"2020-04-10T17:33:49","modified_gmt":"2020-04-10T15:33:49","slug":"photographe-77","status":"publish","type":"post","link":"https:\/\/www.galeriegrenadine.com\/angers\/blog\/2020\/04\/10\/photographe-77\/","title":{"rendered":"Photographe famille 77"},"content":{"rendered":"<p>[et_pb_section fb_built=\u00a0\u00bb1&Prime; _builder_version=\u00a0\u00bb3.20.2&Prime; custom_padding=\u00a0\u00bb0|0px|0|0px|false|false\u00a0\u00bb][et_pb_row _builder_version=\u00a0\u00bb3.20.2&Prime;][et_pb_column type=\u00a0\u00bb4_4&Prime; _builder_version=\u00a0\u00bb3.20.2&Prime;][et_pb_image src=\u00a0\u00bbhttps:\/\/www.galeriegrenadine.com\/angers\/wp-content\/uploads\/sites\/12\/2019\/06\/Galerie-Grenadine-BD.jpg\u00a0\u00bb _builder_version=\u00a0\u00bb3.20.2&Prime;][\/et_pb_image][\/et_pb_column][\/et_pb_row][\/et_pb_section][et_pb_section fb_built=\u00a0\u00bb1&Prime; _builder_version=\u00a0\u00bb3.20.2&Prime; custom_padding=\u00a0\u00bb20px|0px|0|0px|false|false\u00a0\u00bb][et_pb_row _builder_version=\u00a0\u00bb3.20.2&Prime;][et_pb_column type=\u00a0\u00bb4_4&Prime; _builder_version=\u00a0\u00bb3.20.2&Prime;][et_pb_text _builder_version=\u00a0\u00bb3.20.2&Prime;]<\/p>\n<p style=\"text-align: justify;\">\n<h1 style=\"text-align: justify;\"><b><span style=\"color: #e2007a;\">Photographe de famille <\/span>\u00e0 Melun en <\/b><b>Seine et Marne<\/b><b> 77<\/b><\/h1>\n<h2 style=\"text-align: justify;\"><span style=\"font-size: large;\"><span style=\"font-weight: 400;\">Un studio photo sp\u00e9cialis\u00e9 dans les <\/span><span style=\"font-weight: 400;\">s\u00e9ances photos de famille<\/span><span style=\"font-weight: 400;\">, b\u00e9b\u00e9 et grossesse en \u00cele de France.<\/span><\/span><\/h2>\n<p style=\"text-align: justify;\"><span style=\"font-weight: 400;\">Notre espace photographique cr\u00e9\u00e9 \u00e0 Melun accueille des familles, des femmes enceintes, des b\u00e9b\u00e9s et des personnes seul(e)s pour la r\u00e9alisation de s\u00e9ances photos en studio. Sp\u00e9cialis\u00e9s depuis 2009 dans les portraits de famille, le Studio<span style=\"color: #e2007a;\"> Grenadine<\/span> propose aussi des photos d\u2019identit\u00e9 pour vos papiers officiels type passeport, carte identit\u00e9, permis de conduire avec la norme ANTS et des photos pour les VISA pour le monde entier.\u00a0<span>[<a href=\"https:\/\/www.google.com\/maps\/place\/Galerie+et+Studio+Grenadine\/@48.539321,2.65913,15z\/data=!4m5!3m4!1s0x0:0x802f5c127e41c617!8m2!3d48.539321!4d2.65913\">comment venir<\/a>]<\/span><\/span><\/p>\n<h2 style=\"text-align: justify;\"><span style=\"font-weight: 400; font-size: large;\">Une <span style=\"color: #e2007a;\">s\u00e9ance photo en famille<\/span>\u00a0en Studio<\/span><\/h2>\n<p style=\"text-align: justify;\">Chaque s\u00e9ance photo est sur rendez-vous et dure environ 1 heure. Lors de ce shooting photo, le photographe r\u00e9alisera beaucoup de poses en famille, entre fr\u00e8res et s\u0153urs, des portraits avec maman et les enfants mais aussi de papa avec les enfants et des photos individuels de chacun des participants.\u00a0<\/p>\n<p style=\"text-align: justify;\"><span style=\"font-weight: 400;\">Suite \u00e0 votre s\u00e9ance photo, nous vous laisserons repartir tranquillement et proc\u00e9derons \u00e0 la s\u00e9lection des plus belles photos pour vous les pr\u00e9senter lors d\u2019un second rendez-vous dans le cin\u00e9ma <span style=\"color: #e2007a;\">Grenadine<\/span>. Pour la construction d\u2019un album, une d\u00e9coration \u00e0 accrocher \u00e0 la maison ou offrir, nous serons vous conseiller et vous aiguiller vers les supports les mieux adapt\u00e9s gr\u00e2ce \u00e0 notre logiciel de r\u00e9alit\u00e9 augment\u00e9e.\u00a0<span>[<a href=\"https:\/\/www.galeriegrenadine.com\/angers\/photographe\/\">En savoir +<\/a>]<\/span><\/span><\/p>\n<p style=\"text-align: justify;\"><span style=\"font-weight: 400;\">Notre style de photo est simple et \u00e9pur\u00e9. Tout le monde en jean\u2019s et haut blanc pour un r\u00e9sultat en noir et blanc sur fond blanc : la tenue vestimentaire obligatoire &amp; design depuis 2009 au Studio Grenadine !\u00a0<a href=\"tel:0164373585\">01 64 37 35 85<\/a><\/span><\/p>\n<h1 style=\"text-align: justify;\"><\/h1>\n<h2 style=\"text-align: justify;\"><span style=\"font-weight: 400; font-size: large;\"><span style=\"color: #e2007a;\">Tarif d\u2019une s\u00e9ance photo<\/span> famille, b\u00e9b\u00e9, couple et grossesse<\/span><\/h2>\n<p style=\"text-align: justify;\"><span style=\"font-weight: 400;\">Nos tarifs pour une s\u00e9ance photo commencent \u00e0 partir de 137\u20ac comprenant les frais de s\u00e9ance photo, la s\u00e9lection des plus belles images, la projection dans le cin\u00e9ma et une grande photo format 20&#215;30 cm accompagn\u00e9e de son format num\u00e9rique web. Chaque tirage suppl\u00e9mentaire est \u00e0 partir de 30\u20ac avec des prix d\u00e9gressifs selon la quantit\u00e9 ! [<a href=\"https:\/\/www.galeriegrenadine.com\/boutique\/\">En savoir +<\/a>]<\/span><\/p>\n<p style=\"text-align: justify;\"><span style=\"font-weight: 400;\">Toutes nos s\u00e9ances photos sont 100% satisfaites ou rembours\u00e9es sans aucune condition particuli\u00e8re.\u00a0<\/span><\/p>\n<p style=\"text-align: justify;\"><span style=\"font-weight: 400;\">\u00a0<\/span><\/p>\n<p>[\/et_pb_text][\/et_pb_column][\/et_pb_row][\/et_pb_section][et_pb_section fb_built=\u00a0\u00bb1&Prime; _builder_version=\u00a0\u00bb3.20.2&Prime; custom_padding=\u00a0\u00bb17px|0px|0|0px|false|false\u00a0\u00bb][et_pb_row custom_margin=\u00a0\u00bb|||29px\u00a0\u00bb _builder_version=\u00a0\u00bb3.20.2&Prime; module_alignment=\u00a0\u00bbcenter\u00a0\u00bb][et_pb_column type=\u00a0\u00bb1_3&Prime; _builder_version=\u00a0\u00bb3.20.2&Prime;][et_pb_image src=\u00a0\u00bbhttps:\/\/www.galeriegrenadine.com\/angers\/wp-content\/uploads\/sites\/12\/2019\/05\/Studio-photo-grande-famille-3.jpg\u00a0\u00bb align=\u00a0\u00bbcenter\u00a0\u00bb _builder_version=\u00a0\u00bb3.20.2&Prime;][\/et_pb_image][\/et_pb_column][et_pb_column type=\u00a0\u00bb1_3&Prime; _builder_version=\u00a0\u00bb3.20.2&Prime;][et_pb_image src=\u00a0\u00bbhttps:\/\/www.galeriegrenadine.com\/angers\/wp-content\/uploads\/sites\/12\/2017\/02\/Photo-enfant-et-Famille-1-13.jpg\u00a0\u00bb align=\u00a0\u00bbcenter\u00a0\u00bb _builder_version=\u00a0\u00bb3.20.2&Prime;][\/et_pb_image][\/et_pb_column][et_pb_column type=\u00a0\u00bb1_3&Prime; _builder_version=\u00a0\u00bb3.20.2&Prime;][et_pb_image src=\u00a0\u00bbhttps:\/\/www.galeriegrenadine.com\/angers\/wp-content\/uploads\/sites\/12\/2019\/05\/Se\u0301ance-photo-couple-38.jpg\u00a0\u00bb align=\u00a0\u00bbcenter\u00a0\u00bb _builder_version=\u00a0\u00bb3.20.2&Prime;][\/et_pb_image][\/et_pb_column][\/et_pb_row][\/et_pb_section][et_pb_section fb_built=\u00a0\u00bb1&Prime; _builder_version=\u00a0\u00bb3.20.2&Prime; custom_padding=\u00a0\u00bb15px|0px|0|0px|false|false\u00a0\u00bb][et_pb_row _builder_version=\u00a0\u00bb3.20.2&Prime;][et_pb_column type=\u00a0\u00bb4_4&Prime; _builder_version=\u00a0\u00bb3.20.2&Prime;][et_pb_text _builder_version=\u00a0\u00bb3.20.2&Prime;][\/et_pb_text][\/et_pb_column][\/et_pb_row][\/et_pb_section][et_pb_section fb_built=\u00a0\u00bb1&Prime; _builder_version=\u00a0\u00bb3.20.2&Prime; custom_padding=\u00a0\u00bb20px|0px|16px|0px|false|false\u00a0\u00bb][et_pb_row custom_margin=\u00a0\u00bb|||29px\u00a0\u00bb _builder_version=\u00a0\u00bb3.20.2&Prime; module_alignment=\u00a0\u00bbcenter\u00a0\u00bb][et_pb_column type=\u00a0\u00bb1_3&Prime; _builder_version=\u00a0\u00bb3.20.2&Prime;][et_pb_image src=\u00a0\u00bbhttps:\/\/www.galeriegrenadine.com\/angers\/wp-content\/uploads\/sites\/12\/2017\/02\/Photographe-pro-enfant-et-Famille-10-5.jpg\u00a0\u00bb align=\u00a0\u00bbcenter\u00a0\u00bb _builder_version=\u00a0\u00bb3.20.2&Prime;][\/et_pb_image][\/et_pb_column][et_pb_column type=\u00a0\u00bb1_3&Prime; _builder_version=\u00a0\u00bb3.20.2&Prime;][et_pb_image src=\u00a0\u00bbhttps:\/\/www.galeriegrenadine.com\/angers\/wp-content\/uploads\/sites\/12\/2019\/05\/Se\u0301ance-photo-be\u0301be\u0301-77-7.jpg\u00a0\u00bb align=\u00a0\u00bbcenter\u00a0\u00bb _builder_version=\u00a0\u00bb3.20.2&Prime;][\/et_pb_image][\/et_pb_column][et_pb_column type=\u00a0\u00bb1_3&Prime; _builder_version=\u00a0\u00bb3.20.2&Prime;][et_pb_image src=\u00a0\u00bbhttps:\/\/www.galeriegrenadine.com\/angers\/wp-content\/uploads\/sites\/12\/2019\/04\/Grenadine-5-copie.jpg\u00a0\u00bb align=\u00a0\u00bbcenter\u00a0\u00bb _builder_version=\u00a0\u00bb3.20.2&Prime;][\/et_pb_image][\/et_pb_column][\/et_pb_row][\/et_pb_section][et_pb_section fb_built=\u00a0\u00bb1&Prime; _builder_version=\u00a0\u00bb3.20.2&Prime; custom_padding=\u00a0\u00bb0|0px|16px|0px|false|false\u00a0\u00bb][et_pb_row _builder_version=\u00a0\u00bb3.20.2&Prime;][et_pb_column type=\u00a0\u00bb4_4&Prime; _builder_version=\u00a0\u00bb3.20.2&Prime;][et_pb_text _builder_version=\u00a0\u00bb3.20.2&Prime;]<\/p>\n<p style=\"text-align: right;\">\n<p style=\"text-align: center;\"><span style=\"font-weight: 400;\">Galerie et Studio <span style=\"color: #e2007a;\">Grenadine<\/span> 3 rue des cloches 77000 Melun \/\u00a0<\/span><span style=\"font-size: 14px;\"> <a href=\"tel:0164373585\">01 64 37 35 85<\/a> \/<span style=\"color: #555555;\">\u00a0<\/span><a href=\"mailto:melun@galeriegrenadine.com\"><span style=\"color: #555555;\">melun@galerie<\/span>grenadine<span style=\"color: #555555;\">.com<\/span><\/a>\u00a0\/<span style=\"color: #555555;\">\u00a0<\/span><\/span><a style=\"font-size: 14px;\" href=\"https:\/\/www.galeriegrenadine.com\/angers\"><span style=\"color: #555555;\">https:\/\/www.galerie<\/span>grenadine<span style=\"color: #555555;\">.com\/<\/span>melun<\/a><\/p>\n<p>[\/et_pb_text][\/et_pb_column][\/et_pb_row][\/et_pb_section]<\/p>\n","protected":false},"excerpt":{"rendered":"<p>Photographe de famille \u00e0 Melun en Seine et Marne 77 Un studio photo sp\u00e9cialis\u00e9 dans les s\u00e9ances photos de famille, b\u00e9b\u00e9 et grossesse en \u00cele de France. Notre espace photographique cr\u00e9\u00e9 \u00e0 Melun accueille des familles, des femmes enceintes, des b\u00e9b\u00e9s et des personnes seul(e)s pour la r\u00e9alisation de s\u00e9ances photos en studio. Sp\u00e9cialis\u00e9s depuis <a href=\"https:\/\/www.galeriegrenadine.com\/angers\/blog\/2020\/04\/10\/photographe-77\/\" title=\"Photographe famille 77\" rel=\"bookmark\">[Lire la suite]<\/a><\/p>\n","protected":false},"author":3,"featured_media":5464,"comment_status":"open","ping_status":"closed","sticky":false,"template":"","format":"standard","meta":{"_et_pb_use_builder":"on","_et_pb_old_content":"fsfsfsdf","_et_gb_content_width":"","_uf_show_specific_survey":0,"_uf_disable_surveys":false,"footnotes":""},"categories":[1],"tags":[],"class_list":["post-5463","post","type-post","status-publish","format-standard","has-post-thumbnail","hentry","category-non-classe"],"_links":{"self":[{"href":"https:\/\/www.galeriegrenadine.com\/angers\/wp-json\/wp\/v2\/posts\/5463","targetHints":{"allow":["GET"]}}],"collection":[{"href":"https:\/\/www.galeriegrenadine.com\/angers\/wp-json\/wp\/v2\/posts"}],"about":[{"href":"https:\/\/www.galeriegrenadine.com\/angers\/wp-json\/wp\/v2\/types\/post"}],"author":[{"embeddable":true,"href":"https:\/\/www.galeriegrenadine.com\/angers\/wp-json\/wp\/v2\/users\/3"}],"replies":[{"embeddable":true,"href":"https:\/\/www.galeriegrenadine.com\/angers\/wp-json\/wp\/v2\/comments?post=5463"}],"version-history":[{"count":0,"href":"https:\/\/www.galeriegrenadine.com\/angers\/wp-json\/wp\/v2\/posts\/5463\/revisions"}],"wp:featuredmedia":[{"embeddable":true,"href":"https:\/\/www.galeriegrenadine.com\/angers\/wp-json\/wp\/v2\/media\/5464"}],"wp:attachment":[{"href":"https:\/\/www.galeriegrenadine.com\/angers\/wp-json\/wp\/v2\/media?parent=5463"}],"wp:term":[{"taxonomy":"category","embeddable":true,"href":"https:\/\/www.galeriegrenadine.com\/angers\/wp-json\/wp\/v2\/categories?post=5463"},{"taxonomy":"post_tag","embeddable":true,"href":"https:\/\/www.galeriegrenadine.com\/angers\/wp-json\/wp\/v2\/tags?post=5463"}],"curies":[{"name":"wp","href":"https:\/\/api.w.org\/{rel}","templated":true}]}}