{"id":5456,"date":"2020-04-10T15:16:18","date_gmt":"2020-04-10T13:16:18","guid":{"rendered":"https:\/\/www.galeriegrenadine.com\/angers\/?p=5456"},"modified":"2020-04-10T15:16:25","modified_gmt":"2020-04-10T13:16:25","slug":"seance-photo-famille","status":"publish","type":"post","link":"https:\/\/www.galeriegrenadine.com\/angers\/blog\/2020\/04\/10\/seance-photo-famille\/","title":{"rendered":"Seance photo famille Grenadine"},"content":{"rendered":"<p>[et_pb_section fb_built=\u00a0\u00bb1&Prime; _builder_version=\u00a0\u00bb3.20.2&Prime; custom_padding=\u00a0\u00bb0|0px|0|0px|false|false\u00a0\u00bb][et_pb_row _builder_version=\u00a0\u00bb3.20.2&Prime;][et_pb_column type=\u00a0\u00bb4_4&Prime; _builder_version=\u00a0\u00bb3.20.2&Prime;][et_pb_image src=\u00a0\u00bbhttps:\/\/www.galeriegrenadine.com\/angers\/wp-content\/uploads\/sites\/12\/2017\/02\/Photographe-enfants-et-be\u0301be\u0301-1-13.jpg\u00a0\u00bb _builder_version=\u00a0\u00bb3.20.2&Prime;][\/et_pb_image][\/et_pb_column][\/et_pb_row][\/et_pb_section][et_pb_section fb_built=\u00a0\u00bb1&Prime; _builder_version=\u00a0\u00bb3.20.2&Prime; custom_padding=\u00a0\u00bb20px|0px|0|0px|false|false\u00a0\u00bb][et_pb_row _builder_version=\u00a0\u00bb3.20.2&Prime;][et_pb_column type=\u00a0\u00bb4_4&Prime; _builder_version=\u00a0\u00bb3.20.2&Prime;][et_pb_text _builder_version=\u00a0\u00bb3.20.2&Prime;]<\/p>\n<h1 style=\"text-align: justify;\">Photographe de famille proche <span style=\"color: #e2007a;\">Fontainebleau.<\/span><\/h1>\n<h2 style=\"text-align: justify;\"><\/h2>\n<h2 style=\"text-align: justify;\"><span style=\"font-size: large;\">Des\u00a0<span style=\"color: #e2007a;\">s\u00e9ances photo en famille, B\u00e9b\u00e9 et Grossesse<\/span> 100% garantie<\/span><\/h2>\n<p style=\"text-align: justify;\">Si vous d\u00e9cidez de venir r\u00e9aliser une s\u00e9ance photo au Studio <span style=\"font-weight: 400; color: #e2007a;\">Grenadine<\/span>\u00a0\u00e0 Melun, \u00e0 15 kms de Fontainebleau, sachez que nous mettrons tout en oeuvre pour satisfaire vos moindres exigences. Sp\u00e9cialis\u00e9s dans les portraits de famille depuis 2009, <span style=\"font-weight: 400; color: #e2007a;\">Grenadine<\/span> garantie toutes vos s\u00e9ances \u00e0 100% satisfaites ou rembours\u00e9es.\u00a0 Sans aucunes conditions !!!<\/p>\n<h2 style=\"text-align: justify;\"><span style=\"font-size: large;\">R\u00e9alisation d&rsquo;un <span style=\"color: #e2007a;\">souvenir\u00a0personnalis\u00e9<\/span> pour votre s\u00e9ance photo.<\/span><\/h2>\n<p style=\"text-align: justify;\">Pour votre s\u00e9ance photo en couple, en famille ou pour la naissance d&rsquo;un b\u00e9b\u00e9, le Studio <span style=\"color: #e2007a;\">Grenadine<\/span>\u00a0personnalisera ce moment avec des clich\u00e9s en famille, des enfants, en couple avec des photos des plus simples au plus design.<\/p>\n<p>[\/et_pb_text][\/et_pb_column][\/et_pb_row][\/et_pb_section][et_pb_section fb_built=\u00a0\u00bb1&Prime; _builder_version=\u00a0\u00bb3.20.2&Prime; custom_padding=\u00a0\u00bb17px|0px|0|0px|false|false\u00a0\u00bb][et_pb_row custom_margin=\u00a0\u00bb|||29px\u00a0\u00bb _builder_version=\u00a0\u00bb3.20.2&Prime; module_alignment=\u00a0\u00bbcenter\u00a0\u00bb][et_pb_column type=\u00a0\u00bb1_3&Prime; _builder_version=\u00a0\u00bb3.20.2&Prime;][et_pb_image src=\u00a0\u00bbhttps:\/\/www.galeriegrenadine.com\/angers\/wp-content\/uploads\/sites\/12\/2020\/04\/se\u0301ance-photo-en-famille-fontainebleau-4.jpg\u00a0\u00bb align=\u00a0\u00bbcenter\u00a0\u00bb _builder_version=\u00a0\u00bb3.20.2&Prime;][\/et_pb_image][\/et_pb_column][et_pb_column type=\u00a0\u00bb1_3&Prime; _builder_version=\u00a0\u00bb3.20.2&Prime;][et_pb_image src=\u00a0\u00bbhttps:\/\/www.galeriegrenadine.com\/angers\/wp-content\/uploads\/sites\/12\/2020\/04\/se\u0301ance-photo-en-famille-fontainebleau-9.jpg\u00a0\u00bb align=\u00a0\u00bbcenter\u00a0\u00bb _builder_version=\u00a0\u00bb3.20.2&Prime;][\/et_pb_image][\/et_pb_column][et_pb_column type=\u00a0\u00bb1_3&Prime; _builder_version=\u00a0\u00bb3.20.2&Prime;][et_pb_image src=\u00a0\u00bbhttps:\/\/www.galeriegrenadine.com\/angers\/wp-content\/uploads\/sites\/12\/2020\/04\/se\u0301ance-photo-en-famille-fontainebleau-6.jpg\u00a0\u00bb align=\u00a0\u00bbcenter\u00a0\u00bb _builder_version=\u00a0\u00bb3.20.2&Prime;][\/et_pb_image][\/et_pb_column][\/et_pb_row][\/et_pb_section][et_pb_section fb_built=\u00a0\u00bb1&Prime; _builder_version=\u00a0\u00bb3.20.2&Prime; custom_padding=\u00a0\u00bb15px|0px|0|0px|false|false\u00a0\u00bb][et_pb_row _builder_version=\u00a0\u00bb3.20.2&Prime;][et_pb_column type=\u00a0\u00bb4_4&Prime; _builder_version=\u00a0\u00bb3.20.2&Prime;][et_pb_text _builder_version=\u00a0\u00bb3.20.2&Prime;]<\/p>\n<h3><span style=\"font-size: medium;\">Votre confort est notre priorit\u00e9 !<\/span><\/h3>\n<p>Au Studio <span style=\"color: #e2007a;\">Grenadine<\/span>, toutes nos s\u00e9ances photos famille, b\u00e9b\u00e9 et grossesse sont uniquement sur rendez vous du mercredi au samedi. Pour votre plus grand confort, nous vous invitons \u00e0 venir en semaine plut\u00f4t que le samedi, souvent privil\u00e9gi\u00e9 pour les grandes et tr\u00e8s grandes famille se d\u00e9pla\u00e7ant parfois de l&rsquo;\u00e9tranger et de province.\u00a0Et parce que votre confort est important pour nous, nous vous offrons le parking \u201cIndigo\u201d \u00e0 chaque passage. [<a href=\"https:\/\/www.youtube.com\/watch?v=r8VdTdwn7H4\">d\u00e9couvrir<\/a>]<br \/>\n[\/et_pb_text][\/et_pb_column][\/et_pb_row][\/et_pb_section][et_pb_section fb_built=\u00a0\u00bb1&Prime; _builder_version=\u00a0\u00bb3.20.2&Prime; custom_padding=\u00a0\u00bb20px|0px|16px|0px|false|false\u00a0\u00bb][et_pb_row custom_margin=\u00a0\u00bb|||29px\u00a0\u00bb _builder_version=\u00a0\u00bb3.20.2&Prime; module_alignment=\u00a0\u00bbcenter\u00a0\u00bb][et_pb_column type=\u00a0\u00bb1_3&Prime; _builder_version=\u00a0\u00bb3.20.2&Prime;][et_pb_image src=\u00a0\u00bbhttps:\/\/www.galeriegrenadine.com\/angers\/wp-content\/uploads\/sites\/12\/2020\/04\/Se\u0301ance-photo-be\u0301be\u0301-77-1.jpg\u00a0\u00bb align=\u00a0\u00bbcenter\u00a0\u00bb _builder_version=\u00a0\u00bb3.20.2&Prime;][\/et_pb_image][\/et_pb_column][et_pb_column type=\u00a0\u00bb1_3&Prime; _builder_version=\u00a0\u00bb3.20.2&Prime;][et_pb_image src=\u00a0\u00bbhttps:\/\/www.galeriegrenadine.com\/angers\/wp-content\/uploads\/sites\/12\/2020\/04\/Se\u0301ance-photo-be\u0301be\u0301-77-6.jpg\u00a0\u00bb align=\u00a0\u00bbcenter\u00a0\u00bb _builder_version=\u00a0\u00bb3.20.2&Prime;][\/et_pb_image][\/et_pb_column][et_pb_column type=\u00a0\u00bb1_3&Prime; _builder_version=\u00a0\u00bb3.20.2&Prime;][et_pb_image src=\u00a0\u00bbhttps:\/\/www.galeriegrenadine.com\/angers\/wp-content\/uploads\/sites\/12\/2020\/04\/Se\u0301ance-photo-be\u0301be\u0301-77-23.jpg\u00a0\u00bb align=\u00a0\u00bbcenter\u00a0\u00bb _builder_version=\u00a0\u00bb3.20.2&Prime;][\/et_pb_image][\/et_pb_column][\/et_pb_row][\/et_pb_section][et_pb_section fb_built=\u00a0\u00bb1&Prime; _builder_version=\u00a0\u00bb3.20.2&Prime; custom_padding=\u00a0\u00bb0|0px|16px|0px|false|false\u00a0\u00bb][et_pb_row _builder_version=\u00a0\u00bb3.20.2&Prime;][et_pb_column type=\u00a0\u00bb4_4&Prime; _builder_version=\u00a0\u00bb3.20.2&Prime;][et_pb_text _builder_version=\u00a0\u00bb3.20.2&Prime;]<\/p>\n<h2 style=\"text-align: justify;\"><span style=\"font-weight: 400;\">Vos souvenir de famille \u00e0\u00a0<span style=\"color: #e2007a;\">personnaliser<\/span> !<\/span><\/h2>\n<p style=\"text-align: justify;\"><span style=\"font-weight: 400;\">\u00c0 encadrer, \u00e0 composer en album ou \u00e0 accrocher \u00e0 la maison, <span style=\"color: #e2007a;\">Grenadine<\/span> vous propose un panel de support simple \u00e0 la carte mais aussi des compositions \u00e9volutives aux tarifs pr\u00e9f\u00e9rentiels. \u00c0 partir de 30\u20ac le portrait suppl\u00e9mentaire \u00e0 la carte, chaque photo command\u00e9e vous est aussi livr\u00e9e en format num\u00e9rique \u201cweb\u201d id\u00e9ale pour vos smartphones, r\u00e9seaux sociaux et fonds d\u2019\u00e9crans de vos ordinateurs.\u00a0<\/span><\/p>\n<h3 style=\"text-align: justify;\"><span style=\"font-weight: 400; font-size: medium;\">Frais et <span style=\"color: #e2007a;\">investissement <\/span>pour votre s\u00e9ance photo famille<\/span><\/h3>\n<p style=\"text-align: justify;\"><span style=\"font-weight: 400;\">L\u2019investissement de 137\u20ac comprend votre s\u00e9ance photo, la s\u00e9lection des plus belles photos et la pr\u00e9sentation de celles-ci dans notre cin\u00e9ma une semaine apr\u00e8s ainsi qu\u2019une grande photo et son format num\u00e9rique \u201cweb\u201d.<\/span><\/p>\n<p style=\"text-align: right;\">Morgane &amp; Benoit<\/p>\n<p style=\"text-align: center;\"><span style=\"font-weight: 400;\">Galerie et Studio <span style=\"color: #e2007a;\">Grenadine<\/span> 3 rue des cloches 77000 Melun \/\u00a0<\/span><span style=\"font-size: 14px;\">\u00a00164373585 \/<span style=\"color: #555555;\">\u00a0<\/span><a href=\"mailto:melun@galeriegrenadine.com\"><span style=\"color: #555555;\">melun@galerie<\/span>grenadine<span style=\"color: #555555;\">.com<\/span><\/a>\u00a0\/<span style=\"color: #555555;\">\u00a0<\/span><\/span><a style=\"font-size: 14px;\" href=\"https:\/\/www.galeriegrenadine.com\/angers\"><span style=\"color: #555555;\">https:\/\/www.galerie<\/span>grenadine<span style=\"color: #555555;\">.com\/<\/span>melun<\/a><\/p>\n<p>[\/et_pb_text][\/et_pb_column][\/et_pb_row][\/et_pb_section]<\/p>\n","protected":false},"excerpt":{"rendered":"<p>Photographe de famille proche Fontainebleau. Des\u00a0s\u00e9ances photo en famille, B\u00e9b\u00e9 et Grossesse 100% garantie Si vous d\u00e9cidez de venir r\u00e9aliser une s\u00e9ance photo au Studio Grenadine\u00a0\u00e0 Melun, \u00e0 15 kms de Fontainebleau, sachez que nous mettrons tout en oeuvre pour satisfaire vos moindres exigences. Sp\u00e9cialis\u00e9s dans les portraits de famille depuis 2009, Grenadine garantie toutes <a href=\"https:\/\/www.galeriegrenadine.com\/angers\/blog\/2020\/04\/10\/seance-photo-famille\/\" title=\"Seance photo famille Grenadine\" rel=\"bookmark\">[Lire la suite]<\/a><\/p>\n","protected":false},"author":3,"featured_media":5457,"comment_status":"open","ping_status":"closed","sticky":false,"template":"","format":"standard","meta":{"_et_pb_use_builder":"on","_et_pb_old_content":"fsfsfsdf","_et_gb_content_width":"","_uf_show_specific_survey":0,"_uf_disable_surveys":false,"footnotes":""},"categories":[1],"tags":[],"class_list":["post-5456","post","type-post","status-publish","format-standard","has-post-thumbnail","hentry","category-non-classe"],"_links":{"self":[{"href":"https:\/\/www.galeriegrenadine.com\/angers\/wp-json\/wp\/v2\/posts\/5456","targetHints":{"allow":["GET"]}}],"collection":[{"href":"https:\/\/www.galeriegrenadine.com\/angers\/wp-json\/wp\/v2\/posts"}],"about":[{"href":"https:\/\/www.galeriegrenadine.com\/angers\/wp-json\/wp\/v2\/types\/post"}],"author":[{"embeddable":true,"href":"https:\/\/www.galeriegrenadine.com\/angers\/wp-json\/wp\/v2\/users\/3"}],"replies":[{"embeddable":true,"href":"https:\/\/www.galeriegrenadine.com\/angers\/wp-json\/wp\/v2\/comments?post=5456"}],"version-history":[{"count":0,"href":"https:\/\/www.galeriegrenadine.com\/angers\/wp-json\/wp\/v2\/posts\/5456\/revisions"}],"wp:featuredmedia":[{"embeddable":true,"href":"https:\/\/www.galeriegrenadine.com\/angers\/wp-json\/wp\/v2\/media\/5457"}],"wp:attachment":[{"href":"https:\/\/www.galeriegrenadine.com\/angers\/wp-json\/wp\/v2\/media?parent=5456"}],"wp:term":[{"taxonomy":"category","embeddable":true,"href":"https:\/\/www.galeriegrenadine.com\/angers\/wp-json\/wp\/v2\/categories?post=5456"},{"taxonomy":"post_tag","embeddable":true,"href":"https:\/\/www.galeriegrenadine.com\/angers\/wp-json\/wp\/v2\/tags?post=5456"}],"curies":[{"name":"wp","href":"https:\/\/api.w.org\/{rel}","templated":true}]}}