{"id":314,"date":"2013-06-29T19:30:48","date_gmt":"2013-06-29T17:30:48","guid":{"rendered":"https:\/\/www.galeriegrenadine.com\/angers\/?p=314"},"modified":"2014-08-29T19:32:43","modified_gmt":"2014-08-29T17:32:43","slug":"le-bon-plan-photographique","status":"publish","type":"post","link":"https:\/\/www.galeriegrenadine.com\/angers\/blog\/2013\/06\/29\/le-bon-plan-photographique\/","title":{"rendered":"Le Bon Plan Photographique !"},"content":{"rendered":"<p>Profitez de votre bronzage d\u2019\u00e9t\u00e9 pour passer derri\u00e8re l\u2019objectif du Studio Grenadine, sp\u00e9cialiste des photos de famille, grossesse, enfant et b\u00e9b\u00e9.<\/p>\n<p>Du 16 Juillet au 31 ao\u00fbt 2013 l\u2019activit\u00e9 photographique familiale\u00a0 est au tarif de\u00a077\u20ac\u00a0au lieu de 117\u20ac avec un tirage papier format 18\u00d724 cm.<\/p>\n<p>L\u2019offre comprend une s\u00e9ance photo de 30\/45 minutes selon le nombre de personnes, une retouche beaut\u00e9, la pr\u00e9sentation de vos photos une semaine apr\u00e8s dans notre cin\u00e9ma ainsi qu\u2019une photo sur papier format 18\u00d724 cm.<\/p>\n<p>Grenadine encadrera la photo comprise dans l\u2019offre aux 20 premi\u00e8res r\u00e9servations d\u2019une valeur de 16\u20ac<\/p>\n<p>Appelez nous au 01.64.37.35.85<\/p>\n<p><a href=\"https:\/\/www.galeriegrenadine.com\/angers\/wp-content\/uploads\/sites\/12\/2014\/08\/Bon-plan.jpg\"><img decoding=\"async\" class=\"aligncenter size-medium wp-image-315\" src=\"https:\/\/www.galeriegrenadine.com\/angers\/wp-content\/uploads\/sites\/12\/2014\/08\/Bon-plan-565x400.jpg\" alt=\"Bon-plan\" width=\"565\" height=\"400\" \/><\/a><\/p>\n<p>&nbsp;<\/p>\n","protected":false},"excerpt":{"rendered":"<p>Profitez de votre bronzage d\u2019\u00e9t\u00e9 pour passer derri\u00e8re l\u2019objectif du Studio Grenadine, sp\u00e9cialiste des photos de famille, grossesse, enfant et b\u00e9b\u00e9. Du 16 Juillet au 31 ao\u00fbt 2013 l\u2019activit\u00e9 photographique familiale\u00a0 est au tarif de\u00a077\u20ac\u00a0au lieu de 117\u20ac avec un tirage papier format 18\u00d724 cm. L\u2019offre comprend une s\u00e9ance photo de 30\/45 minutes selon le <a href=\"https:\/\/www.galeriegrenadine.com\/angers\/blog\/2013\/06\/29\/le-bon-plan-photographique\/\" title=\"Le Bon Plan Photographique !\" rel=\"bookmark\">[Lire la suite]<\/a><\/p>\n","protected":false},"author":1,"featured_media":315,"comment_status":"closed","ping_status":"closed","sticky":false,"template":"","format":"standard","meta":{"_et_pb_use_builder":"","_et_pb_old_content":"","_et_gb_content_width":"","_uf_show_specific_survey":0,"_uf_disable_surveys":false,"footnotes":""},"categories":[23],"tags":[],"class_list":["post-314","post","type-post","status-publish","format-standard","has-post-thumbnail","hentry","category-actu-du-studio"],"_links":{"self":[{"href":"https:\/\/www.galeriegrenadine.com\/angers\/wp-json\/wp\/v2\/posts\/314","targetHints":{"allow":["GET"]}}],"collection":[{"href":"https:\/\/www.galeriegrenadine.com\/angers\/wp-json\/wp\/v2\/posts"}],"about":[{"href":"https:\/\/www.galeriegrenadine.com\/angers\/wp-json\/wp\/v2\/types\/post"}],"author":[{"embeddable":true,"href":"https:\/\/www.galeriegrenadine.com\/angers\/wp-json\/wp\/v2\/users\/1"}],"replies":[{"embeddable":true,"href":"https:\/\/www.galeriegrenadine.com\/angers\/wp-json\/wp\/v2\/comments?post=314"}],"version-history":[{"count":0,"href":"https:\/\/www.galeriegrenadine.com\/angers\/wp-json\/wp\/v2\/posts\/314\/revisions"}],"wp:featuredmedia":[{"embeddable":true,"href":"https:\/\/www.galeriegrenadine.com\/angers\/wp-json\/wp\/v2\/media\/315"}],"wp:attachment":[{"href":"https:\/\/www.galeriegrenadine.com\/angers\/wp-json\/wp\/v2\/media?parent=314"}],"wp:term":[{"taxonomy":"category","embeddable":true,"href":"https:\/\/www.galeriegrenadine.com\/angers\/wp-json\/wp\/v2\/categories?post=314"},{"taxonomy":"post_tag","embeddable":true,"href":"https:\/\/www.galeriegrenadine.com\/angers\/wp-json\/wp\/v2\/tags?post=314"}],"curies":[{"name":"wp","href":"https:\/\/api.w.org\/{rel}","templated":true}]}}