{"id":2840,"date":"2017-05-10T17:45:44","date_gmt":"2017-05-10T15:45:44","guid":{"rendered":"https:\/\/www.galeriegrenadine.com\/?p=2840"},"modified":"2017-05-11T17:53:23","modified_gmt":"2017-05-11T15:53:23","slug":"journee-porte-ouverte-2017","status":"publish","type":"post","link":"https:\/\/www.galeriegrenadine.com\/angers\/blog\/2017\/05\/10\/journee-porte-ouverte-2017\/","title":{"rendered":"Testez et approuvez votre photographe de famille !"},"content":{"rendered":"<p>[vc_row][vc_column][vc_column_text]<\/p>\n<h2 style=\"text-align: justify;\"><a href=\"https:\/\/www.galeriegrenadine.com\/angers\/wp-content\/uploads\/sites\/12\/2017\/05\/Portes-ouvertes-25-mai-copie-copie-1.jpg\" rel=\"attachment wp-att-2889\"><img decoding=\"async\" class=\"aligncenter size-full wp-image-2889\" src=\"https:\/\/www.galeriegrenadine.com\/angers\/wp-content\/uploads\/sites\/12\/2017\/05\/Portes-ouvertes-25-mai-copie-copie-1.jpg\" alt=\"Portes ouvertes 25 mai copie copie\" width=\"1000\" height=\"600\" \/><\/a><\/h2>\n<h2 style=\"text-align: justify;\"><span style=\"color: #000000;\">Vous h\u00e9sitez encore \u00e0 vous lancer et vivre <span style=\"color: #e2007a;\">l&rsquo;exp\u00e9rience Grenadine<\/span> ?<\/span><\/h2>\n<h4 style=\"text-align: justify;\"><span style=\"color: #000000;\">Vous allez pouvoir la tester gr\u00e2ce \u00e0\u00a0nos <span style=\"color: #e2007a;\">minis s\u00e9ances photos<\/span> lors de la journ\u00e9e porte ouverte !!!<\/span><\/h4>\n<p style=\"text-align: justify;\"><span style=\"color: #e2007a;\">Le 25 mai, jour f\u00e9ri\u00e9<\/span> (alors pas d&rsquo;excuses), venez sans rendez-vous, entre 10h et 19h (ferm\u00e9 entre\u00a012h30 et\u00a014h) vivre votre <span style=\"color: #e2007a;\">mini s\u00e9ance photo<\/span> de 10 minutes, pour <span style=\"color: #e2007a;\">0\u20ac <\/span>!<\/p>\n<p style=\"text-align: justify;\">Si vous \u00eates <span style=\"color: #e2007a;\">s\u00e9duits par le r\u00e9sultat<\/span> , vous pourrez les acqu\u00e9rir \u00e0 partir de 25\u20ac. Sinon, nous sommes s\u00fbrs que vous aurez au moins pass\u00e9 <span style=\"color: #e2007a;\">un bon moment<\/span>\u00a0avec votre <span style=\"color: #e2007a;\">photographe de famille<\/span> \ud83d\ude42<\/p>\n<p style=\"text-align: justify;\">Une seule condition \u00a0: <strong><span style=\"color: #e2007a;\"><a href=\"https:\/\/online.lightbluesoftware.com\/client-portal\/Grenadine\/publicforms\/FECB00F058C2438394F4DDA7213C66A0.php\" target=\"_blank\">vous inscrire ICI<\/a><\/span><\/strong> (pour b\u00e9n\u00e9ficier de la s\u00e9ance offerte). Sans inscription, nous vous demanderons 10\u20ac \u00e0 r\u00e9gler sur place.<\/p>\n<p style=\"text-align: justify;\">Au 3 rue des cloches, 77000 Melun.<\/p>\n<p>[\/vc_column_text][\/vc_column][\/vc_row][vc_row][vc_column][vc_column_text]<\/p>\n<p style=\"text-align: justify;\">2 jours avant la <span style=\"color: #e2007a;\">f\u00eate des m\u00e8res<\/span>&#8230; non&#8230; ne nous remerciez pas \ud83d\ude00 !!<\/p>\n<p style=\"text-align: justify;\">Envie <span style=\"color: #e2007a;\">d&rsquo;offrir un cadeau<\/span> hors du commun ou <span style=\"color: #e2007a;\">panne d&rsquo;inspiration<\/span>, c&rsquo;est le moment id\u00e9al pour trouver votre <span style=\"color: #e2007a;\">photographe de famille<\/span> !<\/p>\n<p style=\"text-align: justify;\">Pour cette occasion, nous vous avons trouv\u00e9 un support<span style=\"color: #e2007a;\">\u00a0exclusif<\/span>\u00a0qui sera confectionn\u00e9<span style=\"color: #e2007a;\"> sur place<\/span>, <span style=\"color: #e2007a;\">le jour\u00a0J<\/span>. Pr\u00eat \u00e0 <span style=\"color: #e2007a;\">offrir \u00e0 maman<\/span>, ou \u00e0 accrocher<span style=\"color: #e2007a;\">\u00a0\u00e0\u00a0la maison<\/span>.<\/p>\n<p style=\"text-align: justify;\"><a href=\"https:\/\/www.galeriegrenadine.com\/angers\/wp-content\/uploads\/sites\/12\/2017\/05\/cadeau-f\u00eate-des-m\u00e8res-.jpg\" rel=\"attachment wp-att-2861\"><img decoding=\"async\" class=\"aligncenter wp-image-2861 size-large\" title=\"Cadeau original f\u00eate des m\u00e8res\" src=\"https:\/\/www.galeriegrenadine.com\/angers\/wp-content\/uploads\/sites\/12\/2017\/05\/cadeau-f\u00eate-des-m\u00e8res--1024x597.jpg\" alt=\"Cadeau original f\u00eate des m\u00e8res\" width=\"1024\" height=\"597\" \/><\/a><\/p>\n<p>[\/vc_column_text][\/vc_column][\/vc_row][vc_row][vc_column][vc_column_text]<\/p>\n<h3><span style=\"color: #000000;\">Les\u00a0<span style=\"color: #e2007a;\">4 \u00e9tapes<\/span> \u00e0 suivre\u00a0:<\/span><\/h3>\n<ol>\n<li><strong><span style=\"color: #e2007a;\"><a href=\"https:\/\/online.lightbluesoftware.com\/client-portal\/Grenadine\/publicforms\/FECB00F058C2438394F4DDA7213C66A0.php\" target=\"_blank\">Inscrivez vous ICI<\/a><\/span><\/strong> pour \u00eatre s\u00fbr de profiter de l&rsquo;offre d\u00e9couverte<\/li>\n<li>Venez vous faire <span style=\"color: #e2007a;\">photographier GRATUITEMENT \u00a0en\u00a0famille<\/span> (10\u20ac pour les familles non inscrites)<\/li>\n<li>Si le r\u00e9sultat vous\u00a0plait, les <span style=\"color: #e2007a;\">photos<\/span> sont \u00e0 votre disposition<span style=\"color: #e2007a;\"> le jour J<\/span> \u00e0 partir de 25\u20ac. C&rsquo;est vous\u00a0qui choisissez !<\/li>\n<li>Offrez vous un <span style=\"color: #e2007a;\">cadeau unique<\/span>, ou\u00a0\u00e0 <span style=\"color: #e2007a;\">maman<\/span> \/ belle maman.<\/li>\n<\/ol>\n<p>[\/vc_column_text][\/vc_column][\/vc_row][vc_row][vc_column][vc_column_text]<\/p>\n<blockquote>\n<h4 style=\"text-align: left;\"><span style=\"color: #333300;\">\u00ab\u00a0une super exp\u00e9rience qui a ravi toute la famille, des fous rires que nous retrouvons sur les photos, un r\u00e9sultat au dessus de nos attentes. un grand merci \u00e0 Estelle pour nous avoir guid\u00e9 durant toute la s\u00e9ance et \u00e0 Morgane pour le r\u00e9sultat final. L&rsquo;album a trouv\u00e9 sa place &#8230;..\u00a0\u00bb<\/span><\/h4>\n<h4 style=\"text-align: right;\"><span style=\"color: #333300;\">\u00ab\u00a0Super moment au studio grenadine. Accueil tr\u00e8s chaleureux , conviviale .La s\u00e9ance photo \u00e9tait un pure bonheur de joie de rire d \u00eatre en famille si vous h\u00e9sitez \u00e0 faire cette s\u00e9ance vous ne serez pas d\u00e9\u00e7u car moi elle a d\u00e9passer toute mes attentes .merci \u00e0 toute l \u00e9quipe , maintenant notre famille qui d\u00e9chire est sur nos murs et on ne se lasse pas de nous regarder .\u00a0\u00bb<\/span><\/h4>\n<h4><span style=\"color: #333300;\">\u00a0\u00bb Nous avons pass\u00e9 un agr\u00e9able moment durant le shooting photo. Et cela nous a permis d&rsquo;am\u00e9liorer, et de montrer notre complicit\u00e9 . Nous avons beaucoup appr\u00e9ci\u00e9 aussi toutes vos attentions \u00e0 notre \u00e9gard. Et surtout la patience pour les photos. Le r\u00e9sultat est juste magnifique, et d\u00e9passe de tout point nos attentes Nous vous remercions de tout c\u0153ur, et c&rsquo;est avec plaisir que nous le r\u00e9it\u00e9rons .\u00a0\u00bb<\/span><\/h4>\n<p style=\"text-align: right;\"><span style=\"color: #333300;\">\u00a0<\/span><\/p>\n<\/blockquote>\n<p>[\/vc_column_text][\/vc_column][\/vc_row][vc_row][vc_column][vc_column_text]<a href=\"https:\/\/www.galeriegrenadine.com\/angers\/wp-content\/uploads\/sites\/12\/2017\/05\/Photographe-de-famille-Ile-de-France.jpg\" rel=\"attachment wp-att-2867\"><img decoding=\"async\" class=\"size-large wp-image-2867\" src=\"https:\/\/www.galeriegrenadine.com\/angers\/wp-content\/uploads\/sites\/12\/2017\/05\/Photographe-de-famille-Ile-de-France-1024x576.jpg\" alt=\"Photographe de famille Ile de France\" width=\"1024\" height=\"576\" \/><\/a><\/p>\n<h1><span style=\"color: #e2007a;\">Grenadine c\u2019est\u2026<\/span><\/h1>\n<ul>\n<li>Un espace design pour un accueil de qualit\u00e9<\/li>\n<li>Une \u00e9quipe professionnelle \u00e0 votre \u00e9coute<\/li>\n<li>Un style d\u2019image fun et unique en France<\/li>\n<li>Un service 100% garanti<\/li>\n<\/ul>\n<p>[\/vc_column_text][\/vc_column][\/vc_row][vc_row][vc_column][\/vc_column][\/vc_row][vc_row][vc_column][\/vc_column][\/vc_row]<\/p>\n","protected":false},"excerpt":{"rendered":"<p>[vc_row][vc_column][vc_column_text] Vous h\u00e9sitez encore \u00e0 vous lancer et vivre l&rsquo;exp\u00e9rience Grenadine ? Vous allez pouvoir la tester gr\u00e2ce \u00e0\u00a0nos minis s\u00e9ances photos lors de la journ\u00e9e porte ouverte !!! Le 25 mai, jour f\u00e9ri\u00e9 (alors pas d&rsquo;excuses), venez sans rendez-vous, entre 10h et 19h (ferm\u00e9 entre\u00a012h30 et\u00a014h) vivre votre mini s\u00e9ance photo de 10 minutes, <a href=\"https:\/\/www.galeriegrenadine.com\/angers\/blog\/2017\/05\/10\/journee-porte-ouverte-2017\/\" title=\"Testez et approuvez votre photographe de famille !\" rel=\"bookmark\">[Lire la suite]<\/a><\/p>\n","protected":false},"author":3,"featured_media":2889,"comment_status":"open","ping_status":"closed","sticky":false,"template":"","format":"standard","meta":{"_et_pb_use_builder":"","_et_pb_old_content":"","_et_gb_content_width":"","_uf_show_specific_survey":0,"_uf_disable_surveys":false,"footnotes":""},"categories":[13],"tags":[69,83,84,85,46,56,54,52,55,86,64,51,41],"class_list":["post-2840","post","type-post","status-publish","format-standard","has-post-thumbnail","hentry","category-en-famille","tag-activite-enfants","tag-activite-famille","tag-activite-jour-ferie","tag-mini-seance-photo","tag-photographe-77","tag-photographe-denfants-77","tag-photographe-de-famille-77","tag-photographe-de-famille-idf","tag-photographe-de-famille-paris","tag-seance-photo-fete-des-meres","tag-seance-photo-studio-77","tag-studio-photo-77","tag-studio-photo-rigolo-77"],"_links":{"self":[{"href":"https:\/\/www.galeriegrenadine.com\/angers\/wp-json\/wp\/v2\/posts\/2840","targetHints":{"allow":["GET"]}}],"collection":[{"href":"https:\/\/www.galeriegrenadine.com\/angers\/wp-json\/wp\/v2\/posts"}],"about":[{"href":"https:\/\/www.galeriegrenadine.com\/angers\/wp-json\/wp\/v2\/types\/post"}],"author":[{"embeddable":true,"href":"https:\/\/www.galeriegrenadine.com\/angers\/wp-json\/wp\/v2\/users\/3"}],"replies":[{"embeddable":true,"href":"https:\/\/www.galeriegrenadine.com\/angers\/wp-json\/wp\/v2\/comments?post=2840"}],"version-history":[{"count":0,"href":"https:\/\/www.galeriegrenadine.com\/angers\/wp-json\/wp\/v2\/posts\/2840\/revisions"}],"wp:featuredmedia":[{"embeddable":true,"href":"https:\/\/www.galeriegrenadine.com\/angers\/wp-json\/wp\/v2\/media\/2889"}],"wp:attachment":[{"href":"https:\/\/www.galeriegrenadine.com\/angers\/wp-json\/wp\/v2\/media?parent=2840"}],"wp:term":[{"taxonomy":"category","embeddable":true,"href":"https:\/\/www.galeriegrenadine.com\/angers\/wp-json\/wp\/v2\/categories?post=2840"},{"taxonomy":"post_tag","embeddable":true,"href":"https:\/\/www.galeriegrenadine.com\/angers\/wp-json\/wp\/v2\/tags?post=2840"}],"curies":[{"name":"wp","href":"https:\/\/api.w.org\/{rel}","templated":true}]}}