{"id":274,"date":"2013-09-13T18:55:06","date_gmt":"2013-09-13T16:55:06","guid":{"rendered":"https:\/\/www.galeriegrenadine.com\/angers\/?p=274"},"modified":"2014-08-29T18:57:25","modified_gmt":"2014-08-29T16:57:25","slug":"photographe-decole-maternelle-et-primaire","status":"publish","type":"post","link":"https:\/\/www.galeriegrenadine.com\/angers\/blog\/2013\/09\/13\/photographe-decole-maternelle-et-primaire\/","title":{"rendered":"Photographe d\u2019\u00e9cole maternelle et primaire"},"content":{"rendered":"<p style=\"text-align: left;\">Pour la deuxi\u00e8me fois, Grenadine a eu le plaisir de r\u00e9aliser les photos de classes ainsi que les portraits de l\u2019\u00e9cole maternelle et primaire de Saint Sauveur sur \u00e9cole.<\/p>\n<p style=\"text-align: left;\">Une centaine d\u2019\u00e9l\u00e8ve photographi\u00e9s diff\u00e9remment. De profil, en format paysage et avec un air de s\u00e9rie TV Am\u00e9ricaine.<\/p>\n<p style=\"text-align: left;\">Grenadine, portraitiste depuis plus de 4 ans en centre ville de Melun, voulait moderniser un petit peu cela. Ras le bol des portraits avec un fond bleu ou orange, de face avec les mains sur les genoux.<\/p>\n<p style=\"text-align: left;\">Merci encore aux ma\u00eetresses et \u00e0 la directrice pour cet accueil ainsi que pour cette envie de changement !<\/p>\n<p style=\"font-family: Verdana, Arial, sans-serif; outline: none; padding: 0px; margin: 0px 0px 20px; color: #777777; font-size: 11px; line-height: 16px; font-style: normal; font-variant: normal; font-weight: normal; letter-spacing: normal; orphans: auto; text-indent: 0px; text-transform: none; white-space: normal; widows: auto; word-spacing: 0px; -webkit-text-stroke-width: 0px; text-align: center; background-color: #ffffff;\"><a href=\"https:\/\/www.galeriegrenadine.com\/angers\/wp-content\/uploads\/sites\/12\/2014\/08\/Galerie-Grenadine-24.jpg\"><img decoding=\"async\" class=\"aligncenter size-medium wp-image-275\" src=\"https:\/\/www.galeriegrenadine.com\/angers\/wp-content\/uploads\/sites\/12\/2014\/08\/Galerie-Grenadine-24-583x400.jpg\" alt=\"Galerie-Grenadine-24\" width=\"583\" height=\"400\" \/><\/a><\/p>\n<p>&nbsp;<\/p>\n","protected":false},"excerpt":{"rendered":"<p>Pour la deuxi\u00e8me fois, Grenadine a eu le plaisir de r\u00e9aliser les photos de classes ainsi que les portraits de l\u2019\u00e9cole maternelle et primaire de Saint Sauveur sur \u00e9cole. Une centaine d\u2019\u00e9l\u00e8ve photographi\u00e9s diff\u00e9remment. De profil, en format paysage et avec un air de s\u00e9rie TV Am\u00e9ricaine. Grenadine, portraitiste depuis plus de 4 ans en <a href=\"https:\/\/www.galeriegrenadine.com\/angers\/blog\/2013\/09\/13\/photographe-decole-maternelle-et-primaire\/\" title=\"Photographe d\u2019\u00e9cole maternelle et primaire\" rel=\"bookmark\">[Lire la suite]<\/a><\/p>\n","protected":false},"author":1,"featured_media":275,"comment_status":"closed","ping_status":"closed","sticky":false,"template":"","format":"standard","meta":{"_et_pb_use_builder":"","_et_pb_old_content":"","_et_gb_content_width":"","_uf_show_specific_survey":0,"_uf_disable_surveys":false,"footnotes":""},"categories":[23],"tags":[],"class_list":["post-274","post","type-post","status-publish","format-standard","has-post-thumbnail","hentry","category-actu-du-studio"],"_links":{"self":[{"href":"https:\/\/www.galeriegrenadine.com\/angers\/wp-json\/wp\/v2\/posts\/274","targetHints":{"allow":["GET"]}}],"collection":[{"href":"https:\/\/www.galeriegrenadine.com\/angers\/wp-json\/wp\/v2\/posts"}],"about":[{"href":"https:\/\/www.galeriegrenadine.com\/angers\/wp-json\/wp\/v2\/types\/post"}],"author":[{"embeddable":true,"href":"https:\/\/www.galeriegrenadine.com\/angers\/wp-json\/wp\/v2\/users\/1"}],"replies":[{"embeddable":true,"href":"https:\/\/www.galeriegrenadine.com\/angers\/wp-json\/wp\/v2\/comments?post=274"}],"version-history":[{"count":0,"href":"https:\/\/www.galeriegrenadine.com\/angers\/wp-json\/wp\/v2\/posts\/274\/revisions"}],"wp:featuredmedia":[{"embeddable":true,"href":"https:\/\/www.galeriegrenadine.com\/angers\/wp-json\/wp\/v2\/media\/275"}],"wp:attachment":[{"href":"https:\/\/www.galeriegrenadine.com\/angers\/wp-json\/wp\/v2\/media?parent=274"}],"wp:term":[{"taxonomy":"category","embeddable":true,"href":"https:\/\/www.galeriegrenadine.com\/angers\/wp-json\/wp\/v2\/categories?post=274"},{"taxonomy":"post_tag","embeddable":true,"href":"https:\/\/www.galeriegrenadine.com\/angers\/wp-json\/wp\/v2\/tags?post=274"}],"curies":[{"name":"wp","href":"https:\/\/api.w.org\/{rel}","templated":true}]}}