{"id":248,"date":"2013-10-26T18:19:00","date_gmt":"2013-10-26T16:19:00","guid":{"rendered":"https:\/\/www.galeriegrenadine.com\/angers\/?p=248"},"modified":"2014-08-29T18:24:03","modified_gmt":"2014-08-29T16:24:03","slug":"la-grossesse-en-photo-par-grenadine","status":"publish","type":"post","link":"https:\/\/www.galeriegrenadine.com\/angers\/blog\/2013\/10\/26\/la-grossesse-en-photo-par-grenadine\/","title":{"rendered":"La Grossesse en photo par Grenadine"},"content":{"rendered":"<p style=\"text-align: left;\" align=\"center\">Nouvelle s\u00e9ance photo grossesse au\u00a0Studio\u00a0Grenadine : l a famille Gavanesch est venue \u00e0 son tour mettre en images par le soin de notre photographe l\u2019attente du petit ou de la petite dernier(e).<\/p>\n<p style=\"text-align: left;\" align=\"center\">Une belle s\u00e9ance qui met en valeur une maman rayonnante \u00a0entour\u00e9e d\u2019amour.<\/p>\n<p style=\"text-align: left;\" align=\"center\">Benoit riche de son style photographique, propose des \u00ab\u00a0poses\u00a0\u00bb qui mettent en avant le meilleur de vous-m\u00eame et qui expriment un maximum d\u2019\u00e9motion. \u00a0C\u2019est de cette mani\u00e8re que ces photos vous touchent et vous rappellent toujours de bons moments.<\/p>\n<p style=\"text-align: left;\" align=\"center\">Mais \u00e7a, vous le d\u00e9couvrez avec Morgane lors de la <a title=\"3. Se d\u00e9couvrir\" href=\"https:\/\/www.galeriegrenadine.com\/lexperience\/se-decouvrir\/\">pr\u00e9sentation de vos images<\/a> dans notre cin\u00e9ma. Et la magie\u00a0Grenadine\u00a0est encore plus belle lorsque vous <a title=\"4. Se r\u00e9jouir\" href=\"https:\/\/www.galeriegrenadine.com\/lexperience\/se-rejouir\/\">recevez votre commande<\/a> entre vos mains.<\/p>\n<p style=\"text-align: left;\" align=\"center\">Ce n\u2019est plus un secret mais une bonne adresse qui se fait passer du bouche \u00e0 oreille entre les femmes enceintes, le\u00a0Studio\u00a0Grenadine\u00a0sait comment <a title=\"Grossesse et naissance\" href=\"https:\/\/www.galeriegrenadine.com\/offre\/grossesse-et-naissance\/\">rendre une future maman inoubliable<\/a>.<\/p>\n<p style=\"text-align: left;\" align=\"center\"><a href=\"https:\/\/www.galeriegrenadine.com\/angers\/wp-content\/uploads\/sites\/12\/2014\/08\/Grenadine-13.jpg\"><img decoding=\"async\" class=\"aligncenter size-medium wp-image-249\" src=\"https:\/\/www.galeriegrenadine.com\/angers\/wp-content\/uploads\/sites\/12\/2014\/08\/Grenadine-13-600x400.jpg\" alt=\"Grenadine-13\" width=\"600\" height=\"400\" \/><\/a><\/p>\n<p style=\"text-align: left;\" align=\"center\">L\u2019exp\u00e9rience vous tente\u00a0mais vous avez des questions\u00a0? Toute notre \u00e9quipe est l\u00e0 pour y r\u00e9pondre au 0164373585 ou \u00e0\u00a0<a href=\"mailto:contact@galeriegrenadine.com\">contact@galeriegrenadine.com<\/a>du mardi au vendredi de 10h00 \u00e0 12h30 et de 14h00 \u00e0 19h00 et jusqu\u2019\u00e0 18h00 le samedi.<\/p>\n<p style=\"text-align: left;\" align=\"center\">Nous vous invitons \u00e0 prendre rendez-vous d\u00e8s que possible par t\u00e9l\u00e9phone ou au passage en\u00a0<a title=\"Le studio\" href=\"https:\/\/www.galeriegrenadine.com\/le-studio\/\">Galerie\u00a0Grenadine<\/a>\u00a0au 3 rue des Cloches \u00e0 Melun pour toute prise de vue.<\/p>\n<p style=\"text-align: left;\" align=\"center\">Il vous sera alors possible d\u2019offrir ou de vous offrir une s\u00e9ance photo grossesse ou deux s\u00e9ances photos, une grossesse et une naissance, pour 77\u20ac et 117\u20ac. Pour chaque s\u00e9ance photo nous vous offrons la photo de votre choix en format 20\u00d730.<\/p>\n<p style=\"text-align: left;\" align=\"center\">\u00a0Cliquez sur j\u2019aime sur note page Facebook en bas de la page, l\u2019\u00e9quipe aura une raison suppl\u00e9mentaire d\u2019avoir la banane\u00a0!<\/p>\n","protected":false},"excerpt":{"rendered":"<p>Nouvelle s\u00e9ance photo grossesse au\u00a0Studio\u00a0Grenadine : l a famille Gavanesch est venue \u00e0 son tour mettre en images par le soin de notre photographe l\u2019attente du petit ou de la petite dernier(e). Une belle s\u00e9ance qui met en valeur une maman rayonnante \u00a0entour\u00e9e d\u2019amour. Benoit riche de son style photographique, propose des \u00ab\u00a0poses\u00a0\u00bb qui mettent <a href=\"https:\/\/www.galeriegrenadine.com\/angers\/blog\/2013\/10\/26\/la-grossesse-en-photo-par-grenadine\/\" title=\"La Grossesse en photo par Grenadine\" rel=\"bookmark\">[Lire la suite]<\/a><\/p>\n","protected":false},"author":1,"featured_media":249,"comment_status":"closed","ping_status":"closed","sticky":false,"template":"","format":"standard","meta":{"_et_pb_use_builder":"","_et_pb_old_content":"","_et_gb_content_width":"","_uf_show_specific_survey":0,"_uf_disable_surveys":false,"footnotes":""},"categories":[20],"tags":[],"class_list":["post-248","post","type-post","status-publish","format-standard","has-post-thumbnail","hentry","category-grossesse"],"_links":{"self":[{"href":"https:\/\/www.galeriegrenadine.com\/angers\/wp-json\/wp\/v2\/posts\/248","targetHints":{"allow":["GET"]}}],"collection":[{"href":"https:\/\/www.galeriegrenadine.com\/angers\/wp-json\/wp\/v2\/posts"}],"about":[{"href":"https:\/\/www.galeriegrenadine.com\/angers\/wp-json\/wp\/v2\/types\/post"}],"author":[{"embeddable":true,"href":"https:\/\/www.galeriegrenadine.com\/angers\/wp-json\/wp\/v2\/users\/1"}],"replies":[{"embeddable":true,"href":"https:\/\/www.galeriegrenadine.com\/angers\/wp-json\/wp\/v2\/comments?post=248"}],"version-history":[{"count":0,"href":"https:\/\/www.galeriegrenadine.com\/angers\/wp-json\/wp\/v2\/posts\/248\/revisions"}],"wp:featuredmedia":[{"embeddable":true,"href":"https:\/\/www.galeriegrenadine.com\/angers\/wp-json\/wp\/v2\/media\/249"}],"wp:attachment":[{"href":"https:\/\/www.galeriegrenadine.com\/angers\/wp-json\/wp\/v2\/media?parent=248"}],"wp:term":[{"taxonomy":"category","embeddable":true,"href":"https:\/\/www.galeriegrenadine.com\/angers\/wp-json\/wp\/v2\/categories?post=248"},{"taxonomy":"post_tag","embeddable":true,"href":"https:\/\/www.galeriegrenadine.com\/angers\/wp-json\/wp\/v2\/tags?post=248"}],"curies":[{"name":"wp","href":"https:\/\/api.w.org\/{rel}","templated":true}]}}