{"id":2448,"date":"2017-02-10T19:21:29","date_gmt":"2017-02-10T17:21:29","guid":{"rendered":"https:\/\/www.galeriegrenadine.com\/?p=2448"},"modified":"2017-02-10T19:29:43","modified_gmt":"2017-02-10T17:29:43","slug":"les-coulisses-dune-seance-photo-grenadine","status":"publish","type":"post","link":"https:\/\/www.galeriegrenadine.com\/angers\/blog\/2017\/02\/10\/les-coulisses-dune-seance-photo-grenadine\/","title":{"rendered":"Nous aurons tous des amis seuls et d\u00e9prim\u00e9s pour la Saint Valentin"},"content":{"rendered":"<p>[vc_row][vc_column][vc_column_text]<\/p>\n<p style=\"text-align: center;\">Chez <span style=\"color: #e2007f;\">Grenadine<\/span>, on aime changer les habitudes !<\/p>\n<p style=\"text-align: center;\">Alors cette ann\u00e9e, pour <span style=\"color: #e2007f;\">la<\/span>\u00a0<span style=\"color: #e2007f;\">Saint Valentin<\/span>, on met les <span style=\"color: #e2007f;\">c\u00e9libataires<\/span> \u00e0 l&rsquo;honneur !<\/p>\n<p style=\"text-align: center;\">On a\u00a0tous des amis qui vont \u00eatre\u00a0seuls et d\u00e9prim\u00e9s le <span style=\"color: #e2007f;\">14 f\u00e9vrier<\/span>&#8230; Et on aimeraient \u00a0les aider !<\/p>\n<p style=\"text-align: center;\">Pour qu&rsquo;ils aient toutes les chances de leur cot\u00e9 et\u00a0que ce soit la derni\u00e8re <span style=\"color: #e2007f;\">Saint Valentin<\/span> qu&rsquo;ils passent <span style=\"color: #e2007f;\">seuls<\/span>, on propose une s\u00e9ance photo sp\u00e9ciale <span style=\"color: #e2007f;\">sites de rencontres<\/span>.<\/p>\n<p style=\"text-align: center;\">Des <span style=\"color: #e2007f;\">portraits originaux<\/span> , qui les mettent en valeur et leur ressemble vraiment. Gr\u00e2ce \u00e0 \u00e7a,\u00a0nous sommes surs qu&rsquo;ils finiront dans un <span style=\"color: #e2007f;\">caddie<\/span> !<\/p>\n<p style=\"text-align: center;\">.<\/p>\n<p>[\/vc_column_text][vc_gallery images=\u00a0\u00bb2505,2504,2503,2502&Prime; css_animation=\u00a0\u00bbleft-to-right\u00a0\u00bb][\/vc_column][\/vc_row][vc_row][vc_column][vc_column_text]<\/p>\n<p style=\"text-align: center;\">Profitez de notre offre exclusive pour la <span style=\"color: #e2007a;\">Saint Valentin<\/span> (valable jusqu&rsquo;au 14\/02\/2017 \u00e0 midi), la <span style=\"color: #e2007a;\">s\u00e9ance photo<\/span> sp\u00e9ciale c\u00e9libataire :<span style=\"color: #e2007a;\"> 28\u00a0\u20ac<\/span> (au lieu de 59).<\/p>\n<p style=\"text-align: center;\">.<\/p>\n<p>[\/vc_column_text][vc_btn title=\u00a0\u00bbJ&rsquo;en profite !\u00a0\u00bb align=\u00a0\u00bbcenter\u00a0\u00bb link=\u00a0\u00bburl:http%3A%2F%2Fwww.galeriegrenadine.com%2Fboutique%2Fcheque-cadeau-special-celibataire%2F||target:%20_blank\u00a0\u00bb css=\u00a0\u00bb.vc_custom_1486745750545{border-radius: 5px !important;}\u00a0\u00bb][\/vc_column][\/vc_row][vc_row][vc_column][vc_column_text]<\/p>\n<p style=\"text-align: center;\">Ou <span style=\"color: #e2007a;\">invitez vos amis<\/span> \u00e0 participer au<span style=\"color: #e2007a;\"> tirage au sort<\/span> pour\u00a0gagner leur s\u00e9ance <span style=\"color: #e2007a;\"><a href=\"https:\/\/www.facebook.com\/GalerieGrenadine\/\">ICI<\/a><\/span> en les taguant dans un commentaire.<\/p>\n<p>[\/vc_column_text][\/vc_column][\/vc_row]<\/p>\n","protected":false},"excerpt":{"rendered":"<p>[vc_row][vc_column][vc_column_text] Chez Grenadine, on aime changer les habitudes ! Alors cette ann\u00e9e, pour la\u00a0Saint Valentin, on met les c\u00e9libataires \u00e0 l&rsquo;honneur ! On a\u00a0tous des amis qui vont \u00eatre\u00a0seuls et d\u00e9prim\u00e9s le 14 f\u00e9vrier&#8230; Et on aimeraient \u00a0les aider ! Pour qu&rsquo;ils aient toutes les chances de leur cot\u00e9 et\u00a0que ce soit la derni\u00e8re Saint <a href=\"https:\/\/www.galeriegrenadine.com\/angers\/blog\/2017\/02\/10\/les-coulisses-dune-seance-photo-grenadine\/\" title=\"Nous aurons tous des amis seuls et d\u00e9prim\u00e9s pour la Saint Valentin\" rel=\"bookmark\">[Lire la suite]<\/a><\/p>\n","protected":false},"author":3,"featured_media":2483,"comment_status":"open","ping_status":"closed","sticky":false,"template":"","format":"standard","meta":{"_et_pb_use_builder":"","_et_pb_old_content":"","_et_gb_content_width":"","_uf_show_specific_survey":0,"_uf_disable_surveys":false,"footnotes":""},"categories":[1],"tags":[],"class_list":["post-2448","post","type-post","status-publish","format-standard","has-post-thumbnail","hentry","category-non-classe"],"_links":{"self":[{"href":"https:\/\/www.galeriegrenadine.com\/angers\/wp-json\/wp\/v2\/posts\/2448","targetHints":{"allow":["GET"]}}],"collection":[{"href":"https:\/\/www.galeriegrenadine.com\/angers\/wp-json\/wp\/v2\/posts"}],"about":[{"href":"https:\/\/www.galeriegrenadine.com\/angers\/wp-json\/wp\/v2\/types\/post"}],"author":[{"embeddable":true,"href":"https:\/\/www.galeriegrenadine.com\/angers\/wp-json\/wp\/v2\/users\/3"}],"replies":[{"embeddable":true,"href":"https:\/\/www.galeriegrenadine.com\/angers\/wp-json\/wp\/v2\/comments?post=2448"}],"version-history":[{"count":0,"href":"https:\/\/www.galeriegrenadine.com\/angers\/wp-json\/wp\/v2\/posts\/2448\/revisions"}],"wp:featuredmedia":[{"embeddable":true,"href":"https:\/\/www.galeriegrenadine.com\/angers\/wp-json\/wp\/v2\/media\/2483"}],"wp:attachment":[{"href":"https:\/\/www.galeriegrenadine.com\/angers\/wp-json\/wp\/v2\/media?parent=2448"}],"wp:term":[{"taxonomy":"category","embeddable":true,"href":"https:\/\/www.galeriegrenadine.com\/angers\/wp-json\/wp\/v2\/categories?post=2448"},{"taxonomy":"post_tag","embeddable":true,"href":"https:\/\/www.galeriegrenadine.com\/angers\/wp-json\/wp\/v2\/tags?post=2448"}],"curies":[{"name":"wp","href":"https:\/\/api.w.org\/{rel}","templated":true}]}}