{"id":244,"date":"2013-11-29T16:15:20","date_gmt":"2013-11-29T14:15:20","guid":{"rendered":"https:\/\/www.galeriegrenadine.com\/angers\/?p=244"},"modified":"2014-08-29T16:26:06","modified_gmt":"2014-08-29T14:26:06","slug":"les-etapes-dune-commande-photographique-au-studio-grenadine","status":"publish","type":"post","link":"https:\/\/www.galeriegrenadine.com\/angers\/blog\/2013\/11\/29\/les-etapes-dune-commande-photographique-au-studio-grenadine\/","title":{"rendered":"Les \u00e9tapes d\u2019une commande photographique au Studio Grenadine"},"content":{"rendered":"<p style=\"text-align: left;\" align=\"center\">Vous avez v\u00e9cu un merveilleux moment avec Beno\u00eet, vous avez connu l\u2019\u00e9motion avec Morgane, maintenant c\u2019est l\u2019\u00e9tape de l\u2019attente\u2026 et c\u2019est dur.<\/p>\n<p style=\"text-align: left;\" align=\"center\">Notre \u00e9quipe demande un d\u00e9lai d\u2019un mois pour la livraison de votre commande.<\/p>\n<p style=\"text-align: left;\" align=\"center\">Bien \u00e9videmment avec l\u2019excitation, c\u2019est long, n\u2019est ce pas\u00a0?<\/p>\n<p style=\"text-align: left;\" align=\"center\">Si nous avons d\u00e9cid\u00e9 d\u2019\u00e9crire cet article, c\u2019est pour vous expliquer pourquoi ce d\u00e9lai.<\/p>\n<h2 style=\"text-align: left;\" align=\"center\">\u00a01\u00b0) Les retouches<\/h2>\n<p style=\"text-align: left;\" align=\"center\">Avant la pr\u00e9sentation de vos images, nous effectuons une premi\u00e8re retouche de vos photos. Apr\u00e8s la s\u00e9lection de vos photos, nous poursuivons ces retouches sur chaque photo de mani\u00e8re plus pouss\u00e9e et plus d\u00e9taill\u00e9e.<\/p>\n<p style=\"text-align: left;\" align=\"center\">Ceci fait, la deuxi\u00e8me \u00e9tape s\u2019enclenche, l\u2019impression.<\/p>\n<h2 style=\"text-align: left;\" align=\"center\">\u00a02\u00b0) L\u2019impression<\/h2>\n<p style=\"text-align: left;\" align=\"center\">Le programme d\u2019impression correspondant aux formats de vos images est lanc\u00e9. De part notre professionnalisme nous avons un d\u00e9lai d\u2019une semaine. Cette \u00e9tape se termine par un examen de chaque photo, s\u2019il n\u2019y a pas de poussi\u00e8res, ni de coin corn\u00e9 etc.<\/p>\n<p style=\"text-align: left;\" align=\"center\">C\u2019est durant ce stade que vous recevez un e-mail de l\u2019\u00e9tat de votre commande.<\/p>\n<h2 style=\"text-align: left;\" align=\"center\">\u00a03\u00b0) Le montage<\/h2>\n<p style=\"text-align: left;\" align=\"center\">Le montage est l\u2019\u00e9tape o\u00f9 nous proc\u00e9dons \u00e0 la mise en page personnalis\u00e9e de votre album. Chaque image est coll\u00e9e \u00e0 la main, avec beaucoup de soin. C\u2019est une composition unique et fid\u00e8le \u00e0 nos principes. A vrai dire, c\u2019est le moment le plus artistique du suivi.<br \/>\nLe montage est compl\u00e9t\u00e9 par la mise en valeur des images hors album et des agrandissements.<\/p>\n<p style=\"text-align: left;\" align=\"center\">Les agrandissements en support bois sont imprim\u00e9s dans notre\u00a0Studio Grenadine. La mise en support en revanche, passe par un prestataire rigoureusement s\u00e9lectionn\u00e9 qui respecte notre charte de garantie.<\/p>\n<p style=\"text-align: left;\" align=\"center\">Apr\u00e8s un dernier contr\u00f4le global, la commande est termin\u00e9e.<br \/>\nD\u00e8s lors nous vous contactons par t\u00e9l\u00e9phone pour convenir d\u2019un court rendez-vous de livraison (entre 5 et 10 minutes).<\/p>\n<p style=\"text-align: left;\"><a href=\"https:\/\/www.galeriegrenadine.com\/photographe-melun\/\">Si vous cliquez\u00a0ici\u00a0vous trouverez une petite vid\u00e9o<\/a>\u00a0r\u00e9alis\u00e9e par\u00a0<a href=\"http:\/\/www.vo-films.com\/\">Version Originale<\/a>\u00a0r\u00e9sumant les \u00e9tapes de notre travail.<\/p>\n<p style=\"text-align: left;\">\u00a0<a href=\"https:\/\/www.galeriegrenadine.com\/angers\/wp-content\/uploads\/sites\/12\/2014\/08\/mORGANE-ET-bENOIT-STUDIO-gRENADINE.jpg\"><img decoding=\"async\" class=\"aligncenter size-medium wp-image-245\" src=\"https:\/\/www.galeriegrenadine.com\/angers\/wp-content\/uploads\/sites\/12\/2014\/08\/mORGANE-ET-bENOIT-STUDIO-gRENADINE-600x354.jpg\" alt=\"mORGANE-ET-bENOIT-STUDIO-gRENADINE\" width=\"600\" height=\"354\" \/><\/a><\/p>\n<p style=\"text-align: left;\" align=\"center\">Sachez que nous sommes tout aussi heureux et impatients que vous de pouvoir vous livrer. C\u2019est un moment de concr\u00e9tisation qui termine l<a title=\"L\u2019exp\u00e9rience Grenadine\" href=\"https:\/\/www.galeriegrenadine.com\/lexperience\/\">\u2019exp\u00e9rience\u00a0Grenadine<\/a>\u00a0pour chaque s\u00e9ance.<\/p>\n<p style=\"text-align: left;\" align=\"center\">Le\u00a0Studio\u00a0Grenadine\u00a0et <a title=\"L\u2019\u00e9quipe\" href=\"https:\/\/www.galeriegrenadine.com\/le-studio\/equipe\/\">son \u00e9quipe<\/a> tient \u00e0 ce que chaque \u00e9tape de votre commande soit claire pour vous afin que vous puissiez avoir pleinement confiance en nos services que nous souhaitons de la meilleure qualit\u00e9 possible.<\/p>\n<p style=\"text-align: left;\" align=\"center\">\u00a0Nous sommes \u00e0 votre \u00e9coute au 01637585 ou \u00e0\u00a0<a href=\"mailto:contact@galeriegrenadine.com\" target=\"_blank\">contact@galeriegrenadine.com<\/a><br \/>\nN\u2019h\u00e9sitez pas \u00e0 passer dans notre Galerie au 3 rue des Cloches \u00e0 Melun.<\/p>\n<p style=\"text-align: left;\" align=\"center\">\u00a0Studio\u00a0Grenadine, Photographe pour familles exigeantes.<\/p>\n","protected":false},"excerpt":{"rendered":"<p>Vous avez v\u00e9cu un merveilleux moment avec Beno\u00eet, vous avez connu l\u2019\u00e9motion avec Morgane, maintenant c\u2019est l\u2019\u00e9tape de l\u2019attente\u2026 et c\u2019est dur. Notre \u00e9quipe demande un d\u00e9lai d\u2019un mois pour la livraison de votre commande. Bien \u00e9videmment avec l\u2019excitation, c\u2019est long, n\u2019est ce pas\u00a0? Si nous avons d\u00e9cid\u00e9 d\u2019\u00e9crire cet article, c\u2019est pour vous expliquer <a href=\"https:\/\/www.galeriegrenadine.com\/angers\/blog\/2013\/11\/29\/les-etapes-dune-commande-photographique-au-studio-grenadine\/\" title=\"Les \u00e9tapes d\u2019une commande photographique au Studio Grenadine\" rel=\"bookmark\">[Lire la suite]<\/a><\/p>\n","protected":false},"author":1,"featured_media":245,"comment_status":"closed","ping_status":"closed","sticky":false,"template":"","format":"standard","meta":{"_et_pb_use_builder":"","_et_pb_old_content":"","_et_gb_content_width":"","_uf_show_specific_survey":0,"_uf_disable_surveys":false,"footnotes":""},"categories":[22],"tags":[],"class_list":["post-244","post","type-post","status-publish","format-standard","has-post-thumbnail","hentry","category-les-seances"],"_links":{"self":[{"href":"https:\/\/www.galeriegrenadine.com\/angers\/wp-json\/wp\/v2\/posts\/244","targetHints":{"allow":["GET"]}}],"collection":[{"href":"https:\/\/www.galeriegrenadine.com\/angers\/wp-json\/wp\/v2\/posts"}],"about":[{"href":"https:\/\/www.galeriegrenadine.com\/angers\/wp-json\/wp\/v2\/types\/post"}],"author":[{"embeddable":true,"href":"https:\/\/www.galeriegrenadine.com\/angers\/wp-json\/wp\/v2\/users\/1"}],"replies":[{"embeddable":true,"href":"https:\/\/www.galeriegrenadine.com\/angers\/wp-json\/wp\/v2\/comments?post=244"}],"version-history":[{"count":0,"href":"https:\/\/www.galeriegrenadine.com\/angers\/wp-json\/wp\/v2\/posts\/244\/revisions"}],"wp:featuredmedia":[{"embeddable":true,"href":"https:\/\/www.galeriegrenadine.com\/angers\/wp-json\/wp\/v2\/media\/245"}],"wp:attachment":[{"href":"https:\/\/www.galeriegrenadine.com\/angers\/wp-json\/wp\/v2\/media?parent=244"}],"wp:term":[{"taxonomy":"category","embeddable":true,"href":"https:\/\/www.galeriegrenadine.com\/angers\/wp-json\/wp\/v2\/categories?post=244"},{"taxonomy":"post_tag","embeddable":true,"href":"https:\/\/www.galeriegrenadine.com\/angers\/wp-json\/wp\/v2\/tags?post=244"}],"curies":[{"name":"wp","href":"https:\/\/api.w.org\/{rel}","templated":true}]}}