{"id":241,"date":"2014-01-24T16:03:00","date_gmt":"2014-01-24T14:03:00","guid":{"rendered":"https:\/\/www.galeriegrenadine.com\/angers\/?p=241"},"modified":"2014-08-29T16:15:14","modified_gmt":"2014-08-29T14:15:14","slug":"recherche-grande-famille-fun-et-dynamique","status":"publish","type":"post","link":"https:\/\/www.galeriegrenadine.com\/angers\/blog\/2014\/01\/24\/recherche-grande-famille-fun-et-dynamique\/","title":{"rendered":"Recherche Grande Famille fun et dynamique"},"content":{"rendered":"<p style=\"text-align: center;\">FAMILY WANTED !!!<\/p>\n<p>\u00a0Le Studio\u00a0Grenadine\u00a0photographe \u00e0 Melun de grande et\u00a0tr\u00e8s grande famille depuis plus de 4 ans\u00a0recherche pour la cr\u00e9ation de son prochain spot publicitaire une grande famille habitant dans la r\u00e9gion de minimum\u00a09 personnes\u00a0hors \u00ab\u00a0grands parents\u00a0\u00bb (vous comprendrez plus loin).<\/p>\n<p>Vous participerez \u00e0 un\u00a0tout nouveau concept\u00a0propos\u00e9 par le Studio Grenadine, qui consistera \u00e0 venir ensemble lors d\u2019une s\u00e9ance photo v\u00eatus de jeans et de hauts blancs dans les locaux du studio au 3 rue des cloches \u00e0 Melun.\u00a0 Nous vous r\u00e9aliserons un album photo unique qui sera une grande surprise\u00a0 pour\u00a0Papy et Mamie. Cette s\u00e9ance photo sera enti\u00e8rement film\u00e9e par\u00a0<a href=\"http:\/\/www.vo-films.com\/\">vo-films<\/a>.<\/p>\n<p>Par la suite, Morgane et Benoit solliciteront vos\u00a0talents d\u2019\u00e9crivains\u00a0pour \u00e9crire 2\/3 mots d\u2019amours de vous ainsi que de vos enfants.<\/p>\n<p>Quelques semaines apr\u00e8s viendra le moment d\u2019organiser par l\u2019un de vous une r\u00e9union de famille\u00a0afin d\u2019offrir cet album photo de haute qualit\u00e9 et\u00a0 personnalis\u00e9 par vos petits mots d\u2019amour. Cette r\u00e9union sera enti\u00e8rement film\u00e9e lors de la remise de votre pr\u00e9sent \u00e0 papy et mamie. Notre but est de mettre en avant\u00a0l\u2019\u00e9motion de toute la famille\u00a0lorsque les photos seront d\u00e9couvertes.<\/p>\n<p>Grenadine\u00a0s\u2019engage \u00e0 r\u00e9aliser la s\u00e9ance photo et\u00a0 la conception de l\u2019album gratuitement\u00a0pour l\u2019occasion, d\u2019une valeur de 820\u20ac. En \u00e9change de votre engagement \u00e0 la r\u00e9alisation de notre nouveau concept Grenadine ainsi que l\u2019ensemble des droits \u00e0 l\u2019image par toute la famille pour une publication sur notre site internet, Facebook, Youtube et Cin\u00e9ma.<\/p>\n<p>R\u00e9sultat du casting Samedi 15 Mars 2014 sur notre page Facebook !<\/p>\n<h3 style=\"text-align: center;\">Grenadine\u00a0ne r\u00e9alise pas que des photos, elle vous offre aussi un moment\u00a0magique\u00a0en famille\u00a0 !!!!<\/h3>\n<p><a href=\"https:\/\/www.galeriegrenadine.com\/angers\/wp-content\/uploads\/sites\/12\/2014\/08\/delemazure.jpg\"><img decoding=\"async\" class=\"aligncenter size-medium wp-image-242\" src=\"https:\/\/www.galeriegrenadine.com\/angers\/wp-content\/uploads\/sites\/12\/2014\/08\/delemazure-400x400.jpg\" alt=\"delemazure\" width=\"400\" height=\"400\" \/><\/a><\/p>\n<p>&nbsp;<\/p>\n","protected":false},"excerpt":{"rendered":"<p>FAMILY WANTED !!! \u00a0Le Studio\u00a0Grenadine\u00a0photographe \u00e0 Melun de grande et\u00a0tr\u00e8s grande famille depuis plus de 4 ans\u00a0recherche pour la cr\u00e9ation de son prochain spot publicitaire une grande famille habitant dans la r\u00e9gion de minimum\u00a09 personnes\u00a0hors \u00ab\u00a0grands parents\u00a0\u00bb (vous comprendrez plus loin). Vous participerez \u00e0 un\u00a0tout nouveau concept\u00a0propos\u00e9 par le Studio Grenadine, qui consistera \u00e0 venir <a href=\"https:\/\/www.galeriegrenadine.com\/angers\/blog\/2014\/01\/24\/recherche-grande-famille-fun-et-dynamique\/\" title=\"Recherche Grande Famille fun et dynamique\" rel=\"bookmark\">[Lire la suite]<\/a><\/p>\n","protected":false},"author":1,"featured_media":242,"comment_status":"closed","ping_status":"closed","sticky":false,"template":"","format":"standard","meta":{"_et_pb_use_builder":"","_et_pb_old_content":"","_et_gb_content_width":"","_uf_show_specific_survey":0,"_uf_disable_surveys":false,"footnotes":""},"categories":[23,13],"tags":[],"class_list":["post-241","post","type-post","status-publish","format-standard","has-post-thumbnail","hentry","category-actu-du-studio","category-en-famille"],"_links":{"self":[{"href":"https:\/\/www.galeriegrenadine.com\/angers\/wp-json\/wp\/v2\/posts\/241","targetHints":{"allow":["GET"]}}],"collection":[{"href":"https:\/\/www.galeriegrenadine.com\/angers\/wp-json\/wp\/v2\/posts"}],"about":[{"href":"https:\/\/www.galeriegrenadine.com\/angers\/wp-json\/wp\/v2\/types\/post"}],"author":[{"embeddable":true,"href":"https:\/\/www.galeriegrenadine.com\/angers\/wp-json\/wp\/v2\/users\/1"}],"replies":[{"embeddable":true,"href":"https:\/\/www.galeriegrenadine.com\/angers\/wp-json\/wp\/v2\/comments?post=241"}],"version-history":[{"count":0,"href":"https:\/\/www.galeriegrenadine.com\/angers\/wp-json\/wp\/v2\/posts\/241\/revisions"}],"wp:featuredmedia":[{"embeddable":true,"href":"https:\/\/www.galeriegrenadine.com\/angers\/wp-json\/wp\/v2\/media\/242"}],"wp:attachment":[{"href":"https:\/\/www.galeriegrenadine.com\/angers\/wp-json\/wp\/v2\/media?parent=241"}],"wp:term":[{"taxonomy":"category","embeddable":true,"href":"https:\/\/www.galeriegrenadine.com\/angers\/wp-json\/wp\/v2\/categories?post=241"},{"taxonomy":"post_tag","embeddable":true,"href":"https:\/\/www.galeriegrenadine.com\/angers\/wp-json\/wp\/v2\/tags?post=241"}],"curies":[{"name":"wp","href":"https:\/\/api.w.org\/{rel}","templated":true}]}}