{"id":237,"date":"2014-01-05T15:58:04","date_gmt":"2014-01-05T13:58:04","guid":{"rendered":"https:\/\/www.galeriegrenadine.com\/angers\/?p=237"},"modified":"2014-08-29T16:02:27","modified_gmt":"2014-08-29T14:02:27","slug":"lesprit-grenadine","status":"publish","type":"post","link":"https:\/\/www.galeriegrenadine.com\/angers\/blog\/2014\/01\/05\/lesprit-grenadine\/","title":{"rendered":"L\u2019esprit Grenadine !"},"content":{"rendered":"<p>Galerie\u00a0Grenadine\u00a0en Direct !<\/p>\n<p>Actuellement la famille Roux est en train de s\u00e9lectionner avec Morgane les photos de leurs s\u00e9ances. Ah Ah, on ne vous dit m\u00eame pas les \u00e9clats de rires\u00a0! C\u2019est une si belle r\u00e9compense pour notre \u00e9quipe de voir que notre travail apporte autant de bonheur\u00a0!<\/p>\n<p>Une belle et grande famille qui a d\u00e9cid\u00e9 d\u2019exp\u00e9rimenter l\u2019aventure Grenadine\u2026 L\u2019avant\/apr\u00e8s est spectaculaire et les sourires sont dignes d\u2019une pub de dentifrice\u00a0!<\/p>\n<p>Au\u00a0Studio\u00a0Grenadine, la joie est permanente et non en option\u00a0!<\/p>\n<p>Regardez comme ils sont beaux !<\/p>\n<p><a href=\"https:\/\/www.galeriegrenadine.com\/angers\/wp-content\/uploads\/sites\/12\/2014\/08\/Galerie-Grenadine-12.jpg\"><img decoding=\"async\" class=\"aligncenter size-medium wp-image-238\" src=\"https:\/\/www.galeriegrenadine.com\/angers\/wp-content\/uploads\/sites\/12\/2014\/08\/Galerie-Grenadine-12-600x233.jpg\" alt=\"Galerie-Grenadine-12\" width=\"600\" height=\"233\" \/><\/a><\/p>\n<p>Cela nous fait si chaud au coeur !<\/p>\n<p><a href=\"https:\/\/www.galeriegrenadine.com\/angers\/wp-content\/uploads\/sites\/12\/2014\/08\/Galerie-Grenadine-21.jpg\"><img decoding=\"async\" class=\"aligncenter size-medium wp-image-239\" src=\"https:\/\/www.galeriegrenadine.com\/angers\/wp-content\/uploads\/sites\/12\/2014\/08\/Galerie-Grenadine-21-600x400.jpg\" alt=\"Galerie-Grenadine-21\" width=\"600\" height=\"400\" \/><\/a>Mais qu\u2019est ce que vous fa\u00eetes encore devant votre \u00e9cran\u00a0! Composez le 01 64 37 35 85 et prenez rendez-vous pour r\u00e9aliser\u00a0Votre s\u00e9ance photo\u00a0! En famille, en amoureux, grossesse, nouveau n\u00e9(e) ou seul(e), notre \u00e9quipe vous attend\u00a0! Nous sommes toujours \u00e0 Melun au 3 rue des Cloches derri\u00e8re l\u2019\u00e9glise St Aspais.<\/p>\n<p>Vous pouvez aussi nous contacter par e-mail \u00e0<a href=\"mailto:contact@galeriegrenadine.com\">contact@galeriegrenadine.com<\/a><\/p>\n<p>Une exp\u00e9rience comme jamais vous n\u2019avez v\u00e9cu\u00a0! Restez connect\u00e9 et suivez nous sur notre page Facebook\u00a0<a href=\"https:\/\/www.facebook.com\/GalerieGrenadine\">Galerie\u00a0Grenadine<\/a><\/p>\n<p>&nbsp;<\/p>\n","protected":false},"excerpt":{"rendered":"<p>Galerie\u00a0Grenadine\u00a0en Direct ! Actuellement la famille Roux est en train de s\u00e9lectionner avec Morgane les photos de leurs s\u00e9ances. Ah Ah, on ne vous dit m\u00eame pas les \u00e9clats de rires\u00a0! C\u2019est une si belle r\u00e9compense pour notre \u00e9quipe de voir que notre travail apporte autant de bonheur\u00a0! Une belle et grande famille qui a <a href=\"https:\/\/www.galeriegrenadine.com\/angers\/blog\/2014\/01\/05\/lesprit-grenadine\/\" title=\"L\u2019esprit Grenadine !\" rel=\"bookmark\">[Lire la suite]<\/a><\/p>\n","protected":false},"author":1,"featured_media":239,"comment_status":"closed","ping_status":"closed","sticky":false,"template":"","format":"standard","meta":{"_et_pb_use_builder":"","_et_pb_old_content":"","_et_gb_content_width":"","_uf_show_specific_survey":0,"_uf_disable_surveys":false,"footnotes":""},"categories":[13,22],"tags":[],"class_list":["post-237","post","type-post","status-publish","format-standard","has-post-thumbnail","hentry","category-en-famille","category-les-seances"],"_links":{"self":[{"href":"https:\/\/www.galeriegrenadine.com\/angers\/wp-json\/wp\/v2\/posts\/237","targetHints":{"allow":["GET"]}}],"collection":[{"href":"https:\/\/www.galeriegrenadine.com\/angers\/wp-json\/wp\/v2\/posts"}],"about":[{"href":"https:\/\/www.galeriegrenadine.com\/angers\/wp-json\/wp\/v2\/types\/post"}],"author":[{"embeddable":true,"href":"https:\/\/www.galeriegrenadine.com\/angers\/wp-json\/wp\/v2\/users\/1"}],"replies":[{"embeddable":true,"href":"https:\/\/www.galeriegrenadine.com\/angers\/wp-json\/wp\/v2\/comments?post=237"}],"version-history":[{"count":0,"href":"https:\/\/www.galeriegrenadine.com\/angers\/wp-json\/wp\/v2\/posts\/237\/revisions"}],"wp:featuredmedia":[{"embeddable":true,"href":"https:\/\/www.galeriegrenadine.com\/angers\/wp-json\/wp\/v2\/media\/239"}],"wp:attachment":[{"href":"https:\/\/www.galeriegrenadine.com\/angers\/wp-json\/wp\/v2\/media?parent=237"}],"wp:term":[{"taxonomy":"category","embeddable":true,"href":"https:\/\/www.galeriegrenadine.com\/angers\/wp-json\/wp\/v2\/categories?post=237"},{"taxonomy":"post_tag","embeddable":true,"href":"https:\/\/www.galeriegrenadine.com\/angers\/wp-json\/wp\/v2\/tags?post=237"}],"curies":[{"name":"wp","href":"https:\/\/api.w.org\/{rel}","templated":true}]}}