{"id":220,"date":"2014-03-07T15:42:08","date_gmt":"2014-03-07T13:42:08","guid":{"rendered":"https:\/\/www.galeriegrenadine.com\/angers\/?p=220"},"modified":"2014-08-29T15:53:36","modified_gmt":"2014-08-29T13:53:36","slug":"en-jeans-et-en-haut-blanc-le-pourquoi-du-comment","status":"publish","type":"post","link":"https:\/\/www.galeriegrenadine.com\/angers\/blog\/2014\/03\/07\/en-jeans-et-en-haut-blanc-le-pourquoi-du-comment\/","title":{"rendered":"En jeans et en haut blanc ? Le pourquoi du comment"},"content":{"rendered":"<p>Une s\u00e9ance photo\u00a0Grenadine\u00a0?<br \/>\nAvec notre famille\u00a0? A\u00a0<a href=\"https:\/\/www.google.fr\/maps\/place\/3+Rue+des+Cloches\/@48.5391945,2.6592051,17z\/data=!3m1!4b1!4m2!3m1!1s0x47e5fa64a3ee3891:0x8bbf234847c08258?hl=fr\" target=\"_blank\">Melun<\/a>\u00a0?<\/p>\n<p>Mais comment je m\u2019habille\u00a0?<\/p>\n<p>No stress\u00a0! Notre concept photographique est simple.<br \/>\nUn blue jeans et un haut blanc (chemise, pull, t-shirt\u2026).<br \/>\nEt les chaussures, on les oublie ! Nos s\u00e9ances se passent pieds-nues.<\/p>\n<p>La simplicit\u00e9 offre une beaut\u00e9 naturelle qui traverse le temps.<\/p>\n<p>Oui le temps. Vous vous rappelez les photos de vos parents \u00e0 la mode Hippie ?<br \/>\nOu bien encore le super bleu de travail de papy\u00a0?<\/p>\n<p>Nous optons pour une imagerie intemporelle.<br \/>\nOn vous l\u2019assure, le haut blanc apporte de la clart\u00e9 \u00e0 votre visage.<\/p>\n<p>Chez\u00a0Grenadine, on vient comme on est tous les jours, avec le sourire et la bonne humeur !<\/p>\n<h2>R\u00e9servez d\u00e8s maintenant !<\/h2>\n<p>Les places de derni\u00e8res minutes sont extr\u00eamement rares chez nous.<br \/>\nVous pouvez le faire par t\u00e9l\u00e9phone au 01 64 37 35 85 ou \u00e0 <a href=\"https:\/\/www.galeriegrenadine.com\/contact\/\" target=\"_blank\">contact@galeriegrenadine.com<\/a><br \/>\nAu top du top, passez nous voir au\u00a03 rue des Cloches \u00e0 Melun 77000<\/p>\n<p><a href=\"https:\/\/www.galeriegrenadine.com\/angers\/wp-content\/uploads\/sites\/12\/2014\/08\/Galerie-Grenadine-6.jpg\"><img decoding=\"async\" class=\"aligncenter size-medium wp-image-221\" src=\"https:\/\/www.galeriegrenadine.com\/angers\/wp-content\/uploads\/sites\/12\/2014\/08\/Galerie-Grenadine-6-600x400.jpg\" alt=\"Galerie-Grenadine-6\" width=\"600\" height=\"400\" \/><\/a><\/p>\n","protected":false},"excerpt":{"rendered":"<p>Une s\u00e9ance photo\u00a0Grenadine\u00a0? Avec notre famille\u00a0? A\u00a0Melun\u00a0? Mais comment je m\u2019habille\u00a0? No stress\u00a0! Notre concept photographique est simple. Un blue jeans et un haut blanc (chemise, pull, t-shirt\u2026). Et les chaussures, on les oublie ! Nos s\u00e9ances se passent pieds-nues. La simplicit\u00e9 offre une beaut\u00e9 naturelle qui traverse le temps. Oui le temps. Vous vous <a href=\"https:\/\/www.galeriegrenadine.com\/angers\/blog\/2014\/03\/07\/en-jeans-et-en-haut-blanc-le-pourquoi-du-comment\/\" title=\"En jeans et en haut blanc ? Le pourquoi du comment\" rel=\"bookmark\">[Lire la suite]<\/a><\/p>\n","protected":false},"author":1,"featured_media":221,"comment_status":"closed","ping_status":"closed","sticky":false,"template":"","format":"standard","meta":{"_et_pb_use_builder":"","_et_pb_old_content":"","_et_gb_content_width":"","_uf_show_specific_survey":0,"_uf_disable_surveys":false,"footnotes":""},"categories":[22],"tags":[],"class_list":["post-220","post","type-post","status-publish","format-standard","has-post-thumbnail","hentry","category-les-seances"],"_links":{"self":[{"href":"https:\/\/www.galeriegrenadine.com\/angers\/wp-json\/wp\/v2\/posts\/220","targetHints":{"allow":["GET"]}}],"collection":[{"href":"https:\/\/www.galeriegrenadine.com\/angers\/wp-json\/wp\/v2\/posts"}],"about":[{"href":"https:\/\/www.galeriegrenadine.com\/angers\/wp-json\/wp\/v2\/types\/post"}],"author":[{"embeddable":true,"href":"https:\/\/www.galeriegrenadine.com\/angers\/wp-json\/wp\/v2\/users\/1"}],"replies":[{"embeddable":true,"href":"https:\/\/www.galeriegrenadine.com\/angers\/wp-json\/wp\/v2\/comments?post=220"}],"version-history":[{"count":0,"href":"https:\/\/www.galeriegrenadine.com\/angers\/wp-json\/wp\/v2\/posts\/220\/revisions"}],"wp:featuredmedia":[{"embeddable":true,"href":"https:\/\/www.galeriegrenadine.com\/angers\/wp-json\/wp\/v2\/media\/221"}],"wp:attachment":[{"href":"https:\/\/www.galeriegrenadine.com\/angers\/wp-json\/wp\/v2\/media?parent=220"}],"wp:term":[{"taxonomy":"category","embeddable":true,"href":"https:\/\/www.galeriegrenadine.com\/angers\/wp-json\/wp\/v2\/categories?post=220"},{"taxonomy":"post_tag","embeddable":true,"href":"https:\/\/www.galeriegrenadine.com\/angers\/wp-json\/wp\/v2\/tags?post=220"}],"curies":[{"name":"wp","href":"https:\/\/api.w.org\/{rel}","templated":true}]}}