{"id":208,"date":"2014-04-23T15:26:53","date_gmt":"2014-04-23T13:26:53","guid":{"rendered":"https:\/\/www.galeriegrenadine.com\/angers\/?p=208"},"modified":"2014-08-29T15:38:56","modified_gmt":"2014-08-29T13:38:56","slug":"une-seance-photo-grenadine-egale-une-semaine-de-vacances-en-40-minutes","status":"publish","type":"post","link":"https:\/\/www.galeriegrenadine.com\/angers\/blog\/2014\/04\/23\/une-seance-photo-grenadine-egale-une-semaine-de-vacances-en-40-minutes\/","title":{"rendered":"Une s\u00e9ance photo Grenadine \u00e9gale une semaine de vacances en 40 minutes !"},"content":{"rendered":"<p>Vous n\u2019avez pas le temps pour des vacances\u00a0?<br \/>\nL\u2019exp\u00e9rience\u00a0Grenadine\u00a0vous en fera vivre en 40 minutes !<\/p>\n<p>Comment\u00a0?<\/p>\n<p>En venant faire <a title=\"2. Vivre l\u2019exp\u00e9rience\" href=\"https:\/\/www.galeriegrenadine.com\/lexperience\/vivre-experience\/\">une s\u00e9ance photo\u00a0Grenadine<\/a>\u00a0au c\u0153ur de Melun dans une ambiance conviviale et d\u00e9tendue. Le genre d\u2019endroit d\u2019o\u00f9 l\u2019on ressort avec le sourire et la p\u00eache pour la journ\u00e9e\u00a0!<\/p>\n<p>Et ce n\u2019est que la premi\u00e8re \u00e9tape du \u00ab\u00a0voyage\u00a0\u00bb.<br \/>\nIl se poursuit par deux seconds rendez-vous.<\/p>\n<p>Pourquoi\u00a0?<\/p>\n<p>Le premier est pour voir et <a title=\"3. Se d\u00e9couvrir\" href=\"https:\/\/www.galeriegrenadine.com\/lexperience\/se-decouvrir\/\">s\u00e9lectionner les portraits qui vous ressemblent le plus<\/a>, \u00e0 vous et \u00e0 vos enfants, \u00e0 vos parents, votre amoureux, \u00e0 tous ceux que vous aimez.<br \/>\nLe second est pour <a title=\"4. Se r\u00e9jouir\" href=\"https:\/\/www.galeriegrenadine.com\/lexperience\/se-rejouir\/\">admirer le r\u00e9sultat et le ramener chez soi<\/a>. C\u2019est le meilleur moyen de l\u2019exposer fi\u00e8rement \u00e0 ses proches\u00a0!<\/p>\n<p>La cure de \u00ab\u00a0Joie de vivre\u00a0\u00bb Made in\u00a0Grenadine\u00a0!<br \/>\nLe bonheur s\u2019additionne sans soustraction<\/p>\n<p><a href=\"https:\/\/www.galeriegrenadine.com\/angers\/wp-content\/uploads\/sites\/12\/2014\/08\/Galerie-Grenadine-7.jpg\"><img decoding=\"async\" src=\"https:\/\/www.galeriegrenadine.com\/angers\/wp-content\/uploads\/sites\/12\/2014\/08\/Galerie-Grenadine-7-600x400.jpg\" alt=\"Galerie-Grenadine-7\" width=\"600\" height=\"400\" \/><\/a><\/p>\n<p align=\"center\">Profitez de notre bon plan, votre s\u00e9ance photo au StudioGrenadine\u00a0\u00e0 77\u20ac au lieu de 117\u20ac pour toute r\u00e9servation jusqu\u2019au 30 Avril 2014\u00a0!<\/p>\n<p>A ce prix l\u00e0, on se fait plaisir\u00a0! S\u00e9ance grossesse, famille, b\u00e9b\u00e9\u2026<br \/>\nTout le monde a le droit \u00e0 son shooting photo\u00a0Grenadine\u00a0!<\/p>\n<p>C\u2019est de l\u2019occasion de se rassembler, de rire et de passer un moment agr\u00e9able, comme des vacances.<\/p>\n<p>Nous vous invitons \u00e0 rejoindre notre\u00a0<a href=\"https:\/\/www.facebook.com\/GalerieGrenadine\" target=\"_blank\">Fanpage en cliquant ici<\/a>\u00a0et n\u2019h\u00e9sitez pas \u00e0 nous soutenir en\u00a0cliquant\u00a0\u00a0sur \u00ab\u00a0J\u2019aime\u00a0\u00bb en bas de votre page \u00e0 gauche !<\/p>\n","protected":false},"excerpt":{"rendered":"<p>Vous n\u2019avez pas le temps pour des vacances\u00a0? L\u2019exp\u00e9rience\u00a0Grenadine\u00a0vous en fera vivre en 40 minutes ! Comment\u00a0? En venant faire une s\u00e9ance photo\u00a0Grenadine\u00a0au c\u0153ur de Melun dans une ambiance conviviale et d\u00e9tendue. Le genre d\u2019endroit d\u2019o\u00f9 l\u2019on ressort avec le sourire et la p\u00eache pour la journ\u00e9e\u00a0! Et ce n\u2019est que la premi\u00e8re \u00e9tape du <a href=\"https:\/\/www.galeriegrenadine.com\/angers\/blog\/2014\/04\/23\/une-seance-photo-grenadine-egale-une-semaine-de-vacances-en-40-minutes\/\" title=\"Une s\u00e9ance photo Grenadine \u00e9gale une semaine de vacances en 40 minutes !\" rel=\"bookmark\">[Lire la suite]<\/a><\/p>\n","protected":false},"author":1,"featured_media":209,"comment_status":"closed","ping_status":"closed","sticky":false,"template":"","format":"standard","meta":{"_et_pb_use_builder":"","_et_pb_old_content":"","_et_gb_content_width":"","_uf_show_specific_survey":0,"_uf_disable_surveys":false,"footnotes":""},"categories":[13],"tags":[],"class_list":["post-208","post","type-post","status-publish","format-standard","has-post-thumbnail","hentry","category-en-famille"],"_links":{"self":[{"href":"https:\/\/www.galeriegrenadine.com\/angers\/wp-json\/wp\/v2\/posts\/208","targetHints":{"allow":["GET"]}}],"collection":[{"href":"https:\/\/www.galeriegrenadine.com\/angers\/wp-json\/wp\/v2\/posts"}],"about":[{"href":"https:\/\/www.galeriegrenadine.com\/angers\/wp-json\/wp\/v2\/types\/post"}],"author":[{"embeddable":true,"href":"https:\/\/www.galeriegrenadine.com\/angers\/wp-json\/wp\/v2\/users\/1"}],"replies":[{"embeddable":true,"href":"https:\/\/www.galeriegrenadine.com\/angers\/wp-json\/wp\/v2\/comments?post=208"}],"version-history":[{"count":0,"href":"https:\/\/www.galeriegrenadine.com\/angers\/wp-json\/wp\/v2\/posts\/208\/revisions"}],"wp:featuredmedia":[{"embeddable":true,"href":"https:\/\/www.galeriegrenadine.com\/angers\/wp-json\/wp\/v2\/media\/209"}],"wp:attachment":[{"href":"https:\/\/www.galeriegrenadine.com\/angers\/wp-json\/wp\/v2\/media?parent=208"}],"wp:term":[{"taxonomy":"category","embeddable":true,"href":"https:\/\/www.galeriegrenadine.com\/angers\/wp-json\/wp\/v2\/categories?post=208"},{"taxonomy":"post_tag","embeddable":true,"href":"https:\/\/www.galeriegrenadine.com\/angers\/wp-json\/wp\/v2\/tags?post=208"}],"curies":[{"name":"wp","href":"https:\/\/api.w.org\/{rel}","templated":true}]}}