{"id":2064,"date":"2016-04-06T18:52:13","date_gmt":"2016-04-06T16:52:13","guid":{"rendered":"https:\/\/www.galeriegrenadine.com\/?p=2064"},"modified":"2016-04-07T17:16:59","modified_gmt":"2016-04-07T15:16:59","slug":"2064-2","status":"publish","type":"post","link":"https:\/\/www.galeriegrenadine.com\/angers\/blog\/2016\/04\/06\/2064-2\/","title":{"rendered":"S\u00e9ance m\u00e8re fille &#8211; Charlotte et In\u00e8s"},"content":{"rendered":"<p><img decoding=\"async\" class=\"aligncenter wp-image-2071 size-large\" src=\"https:\/\/www.galeriegrenadine.com\/angers\/wp-content\/uploads\/sites\/12\/2016\/04\/Galerie-Grenadine-Famille-Baro-49-1024x576.jpg\" alt=\"Shooting photo\" width=\"1024\" height=\"576\" \/><\/p>\n<p>Nous vous pr\u00e9sentons Charlotte (alias\u00a0<span style=\"color: #e2007f;\">super-maman<\/span>) et In\u00e8s, deux belles brunes, pas forcement tr\u00e8s \u00e0 l&rsquo;aise devant l&rsquo;<span style=\"color: #e2007f;\">objectif<\/span> au d\u00e9but,\u00a0mais vraiment qu&rsquo;au d\u00e9but. Elles se sont finalement laiss\u00e9es aller, sous le regard amus\u00e9 de <span style=\"color: #e2007f;\">Benoit<\/span> qui les voient <span style=\"color: #e2007f;\">complices<\/span>, souriantes et <span style=\"color: #e2007f;\">heureuses<\/span>. Une relation <span style=\"color: #e2007f;\">m\u00e8re-fille<\/span> passionnelle.<\/p>\n<p>C&rsquo;est maman qui a eu envie de partager un moment <span style=\"color: #e2007f;\">privil\u00e9gi\u00e9<\/span> avec sa grande fille. Histoire d\u2019<span style=\"color: #e2007f;\">immortaliser<\/span> ses petits\u00a0yeux malicieux et leur belle <span style=\"color: #e2007f;\">complicit\u00e9<\/span>. Une d\u00e9marche\u00a0qui a port\u00e9 ses fruits puisque le\u00a0r\u00e9sultat\u00a0leur ressemblent, que leurs expressions sont <span style=\"color: #e2007f;\">naturelles<\/span> et leurs sourires,\u00a0vrais.<\/p>\n<p>Mieux qu\u2019une apr\u00e8s midi shopping <span style=\"color: #e2007f;\">entre filles<\/span>, qu\u2019une sortie au cin\u00e9ma ou qu\u2019une heure au spa (oui, \u00e7a d\u00e9tends beaucoup plus :p ); elles garderont <span style=\"color: #e2007f;\">pour toujours<\/span> ces\u00a0souvenir, dans leur <span style=\"color: #e2007f;\">boite \u00e0 photos<\/span>.<\/p>\n<blockquote><p>Ambiance tr\u00e8s chaleureuse, une \u00e9quipe au top pour un r\u00e9sultat parfait ! N&rsquo;h\u00e9sitez pas, ou plus, vous ne serez pas d\u00e9\u00e7us \u263a\ufe0f je reviendrais ? a tr\u00e8s bient\u00f4t.<\/p><\/blockquote>\n\n\t\t<style type=\"text\/css\">\n\t\t\t#gallery-1 {\n\t\t\t\tmargin: auto;\n\t\t\t}\n\t\t\t#gallery-1 .gallery-item {\n\t\t\t\tfloat: left;\n\t\t\t\tmargin-top: 10px;\n\t\t\t\ttext-align: center;\n\t\t\t\twidth: 50%;\n\t\t\t}\n\t\t\t#gallery-1 img {\n\t\t\t\tborder: 2px solid #cfcfcf;\n\t\t\t}\n\t\t\t#gallery-1 .gallery-caption {\n\t\t\t\tmargin-left: 0;\n\t\t\t}\n\t\t\t\/* see gallery_shortcode() in wp-includes\/media.php *\/\n\t\t<\/style>\n\t\t<div id='gallery-1' class='gallery galleryid-2064 gallery-columns-2 gallery-size-large'><dl class='gallery-item'>\n\t\t\t<dt class='gallery-icon landscape'>\n\t\t\t\t<a href='https:\/\/www.galeriegrenadine.com\/angers\/wp-content\/uploads\/sites\/12\/2016\/04\/Galerie-Grenadine-Famille-Baro-58.jpg'><img decoding=\"async\" width=\"1024\" height=\"1024\" src=\"https:\/\/www.galeriegrenadine.com\/angers\/wp-content\/uploads\/sites\/12\/2016\/04\/Galerie-Grenadine-Famille-Baro-58-1024x1024.jpg\" class=\"attachment-large size-large\" alt=\"Photographe rigolo 77\" \/><\/a>\n\t\t\t<\/dt><\/dl><dl class='gallery-item'>\n\t\t\t<dt class='gallery-icon landscape'>\n\t\t\t\t<a href='https:\/\/www.galeriegrenadine.com\/angers\/wp-content\/uploads\/sites\/12\/2016\/04\/Galerie-Grenadine-Famille-Baro-13.jpg'><img decoding=\"async\" width=\"1024\" height=\"1024\" src=\"https:\/\/www.galeriegrenadine.com\/angers\/wp-content\/uploads\/sites\/12\/2016\/04\/Galerie-Grenadine-Famille-Baro-13-1024x1024.jpg\" class=\"attachment-large size-large\" alt=\"Photographe de famille Melun\" \/><\/a>\n\t\t\t<\/dt><\/dl><br style=\"clear: both\" \/><dl class='gallery-item'>\n\t\t\t<dt class='gallery-icon landscape'>\n\t\t\t\t<a href='https:\/\/www.galeriegrenadine.com\/angers\/wp-content\/uploads\/sites\/12\/2016\/04\/Galerie-Grenadine-Famille-Baro-52.jpg'><img decoding=\"async\" width=\"1024\" height=\"1024\" src=\"https:\/\/www.galeriegrenadine.com\/angers\/wp-content\/uploads\/sites\/12\/2016\/04\/Galerie-Grenadine-Famille-Baro-52-1024x1024.jpg\" class=\"attachment-large size-large\" alt=\"Photos m\u00e8re fille\" \/><\/a>\n\t\t\t<\/dt><\/dl><dl class='gallery-item'>\n\t\t\t<dt class='gallery-icon landscape'>\n\t\t\t\t<a href='https:\/\/www.galeriegrenadine.com\/angers\/wp-content\/uploads\/sites\/12\/2016\/04\/Galerie-Grenadine-Famille-Baro-54.jpg'><img decoding=\"async\" width=\"1024\" height=\"1024\" src=\"https:\/\/www.galeriegrenadine.com\/angers\/wp-content\/uploads\/sites\/12\/2016\/04\/Galerie-Grenadine-Famille-Baro-54-1024x1024.jpg\" class=\"attachment-large size-large\" alt=\"Photos de famille Ile de France\" \/><\/a>\n\t\t\t<\/dt><\/dl><br style=\"clear: both\" \/><dl class='gallery-item'>\n\t\t\t<dt class='gallery-icon portrait'>\n\t\t\t\t<a href='https:\/\/www.galeriegrenadine.com\/angers\/wp-content\/uploads\/sites\/12\/2016\/04\/Galerie-Grenadine-Famille-Baro-40.jpg'><img decoding=\"async\" width=\"761\" height=\"1024\" src=\"https:\/\/www.galeriegrenadine.com\/angers\/wp-content\/uploads\/sites\/12\/2016\/04\/Galerie-Grenadine-Famille-Baro-40-761x1024.jpg\" class=\"attachment-large size-large\" alt=\"Photographe Professionnel\" \/><\/a>\n\t\t\t<\/dt><\/dl><dl class='gallery-item'>\n\t\t\t<dt class='gallery-icon portrait'>\n\t\t\t\t<a href='https:\/\/www.galeriegrenadine.com\/angers\/wp-content\/uploads\/sites\/12\/2016\/04\/Galerie-Grenadine-Famille-Baro-33.jpg'><img decoding=\"async\" width=\"761\" height=\"1024\" src=\"https:\/\/www.galeriegrenadine.com\/angers\/wp-content\/uploads\/sites\/12\/2016\/04\/Galerie-Grenadine-Famille-Baro-33-761x1024.jpg\" class=\"attachment-large size-large\" alt=\"Photographe professionnel 77\" \/><\/a>\n\t\t\t<\/dt><\/dl><br style=\"clear: both\" \/>\n\t\t<\/div>\n\n<p><img decoding=\"async\" class=\"aligncenter size-large wp-image-2069\" src=\"https:\/\/www.galeriegrenadine.com\/angers\/wp-content\/uploads\/sites\/12\/2016\/04\/Galerie-Grenadine-Famille-Baro-35-1024x683.jpg\" alt=\"Studio Photo Seine et Marne\" width=\"1024\" height=\"683\" \/><\/p>\n<h1><\/h1>\n<h1><span style=\"color: #e2007f;\">Grenadine c&rsquo;est\u2026<\/span><\/h1>\n<ul>\n<li>Un espace design pour un accueil de <span style=\"color: #e2007f;\">qualit\u00e9<\/span><\/li>\n<li>Une \u00e9quipe de <span style=\"color: #e2007f;\">professionnelle<\/span> \u00e0 votre \u00e9coute<\/li>\n<li>Un style d\u2019<span style=\"color: #e2007f;\">image<\/span> fun et unique en France<\/li>\n<li>Un service <span style=\"color: #e2007f;\">100% garanti<\/span> satisfait ou rembours\u00e9.<\/li>\n<li><\/li>\n<\/ul>\n<p>Galerie &amp; Studio <strong>Grenadine<\/strong><br \/>\n3 rue des cloches<br \/>\n77000 Melun<br \/>\nouvert du <strong>mardi au samedi<br \/>\nentre 10h et 12h30, 14h et 19h.<\/strong><\/p>\n<p>&nbsp;<\/p>\n<p>PS : Le 29 mai, c&rsquo;est la <strong><span style=\"color: #e2007f;\">f\u00eate des m\u00e8res<\/span><\/strong>&#8230; enfin je dis \u00e7a, je dis rien ! C&rsquo;est une id\u00e9e <span style=\"color: #e2007f;\">cadeau<\/span> pas comme les autres \ud83d\ude42<\/p>\n<p>&nbsp;<\/p>\n<p style=\"text-align: center;\"><strong><a href=\"https:\/\/www.galeriegrenadine.com\/lexperience\/\" target=\"_blank\">En savoir + ICI<\/a><\/strong><\/p>\n","protected":false},"excerpt":{"rendered":"<p>Nous vous pr\u00e9sentons Charlotte (alias\u00a0super-maman) et In\u00e8s, deux belles brunes, pas forcement tr\u00e8s \u00e0 l&rsquo;aise devant l&rsquo;objectif au d\u00e9but,\u00a0mais vraiment qu&rsquo;au d\u00e9but. Elles se sont finalement laiss\u00e9es aller, sous le regard amus\u00e9 de Benoit qui les voient complices, souriantes et heureuses. Une relation m\u00e8re-fille passionnelle. C&rsquo;est maman qui a eu envie de partager un moment <a href=\"https:\/\/www.galeriegrenadine.com\/angers\/blog\/2016\/04\/06\/2064-2\/\" title=\"S\u00e9ance m\u00e8re fille &#8211; Charlotte et In\u00e8s\" rel=\"bookmark\">[Lire la suite]<\/a><\/p>\n","protected":false},"author":3,"featured_media":2071,"comment_status":"open","ping_status":"closed","sticky":false,"template":"","format":"standard","meta":{"_et_pb_use_builder":"","_et_pb_old_content":"","_et_gb_content_width":"","_uf_show_specific_survey":0,"_uf_disable_surveys":false,"footnotes":""},"categories":[13],"tags":[44,69,76,71,46,56,61,51,41],"class_list":["post-2064","post","type-post","status-publish","format-standard","has-post-thumbnail","hentry","category-en-famille","tag-bdbg","tag-activite-enfants","tag-activite-mere-fille","tag-loisirs-en-famille","tag-photographe-77","tag-photographe-denfants-77","tag-photographe-de-famille-fontainebleau","tag-studio-photo-77","tag-studio-photo-rigolo-77"],"_links":{"self":[{"href":"https:\/\/www.galeriegrenadine.com\/angers\/wp-json\/wp\/v2\/posts\/2064","targetHints":{"allow":["GET"]}}],"collection":[{"href":"https:\/\/www.galeriegrenadine.com\/angers\/wp-json\/wp\/v2\/posts"}],"about":[{"href":"https:\/\/www.galeriegrenadine.com\/angers\/wp-json\/wp\/v2\/types\/post"}],"author":[{"embeddable":true,"href":"https:\/\/www.galeriegrenadine.com\/angers\/wp-json\/wp\/v2\/users\/3"}],"replies":[{"embeddable":true,"href":"https:\/\/www.galeriegrenadine.com\/angers\/wp-json\/wp\/v2\/comments?post=2064"}],"version-history":[{"count":0,"href":"https:\/\/www.galeriegrenadine.com\/angers\/wp-json\/wp\/v2\/posts\/2064\/revisions"}],"wp:featuredmedia":[{"embeddable":true,"href":"https:\/\/www.galeriegrenadine.com\/angers\/wp-json\/wp\/v2\/media\/2071"}],"wp:attachment":[{"href":"https:\/\/www.galeriegrenadine.com\/angers\/wp-json\/wp\/v2\/media?parent=2064"}],"wp:term":[{"taxonomy":"category","embeddable":true,"href":"https:\/\/www.galeriegrenadine.com\/angers\/wp-json\/wp\/v2\/categories?post=2064"},{"taxonomy":"post_tag","embeddable":true,"href":"https:\/\/www.galeriegrenadine.com\/angers\/wp-json\/wp\/v2\/tags?post=2064"}],"curies":[{"name":"wp","href":"https:\/\/api.w.org\/{rel}","templated":true}]}}