{"id":1740,"date":"2016-01-14T15:05:15","date_gmt":"2016-01-14T13:05:15","guid":{"rendered":"https:\/\/www.galeriegrenadine.com\/angers\/?p=1740"},"modified":"2016-01-16T18:53:20","modified_gmt":"2016-01-16T16:53:20","slug":"une-experience-hors-normes","status":"publish","type":"post","link":"https:\/\/www.galeriegrenadine.com\/angers\/blog\/2016\/01\/14\/une-experience-hors-normes\/","title":{"rendered":"Photographe de famille Melun  I  Une exp\u00e9rience hors normes !"},"content":{"rendered":"<p style=\"text-align: justify;\">Le 26 septembre 1995 est une date inoubliable pour <span style=\"color: #e2007f;\">Maryl\u00e8ne<\/span> et <span style=\"color: #e2007f;\">Nicolas<\/span>, le d\u00e9but de leur vie \u00e0 deux, le commencement de leur histoire qu&rsquo;ils continuent de l&rsquo;\u00e9crire 20 ans apr\u00e8s.<\/p>\n<p style=\"text-align: justify;\">Pour leur anniversaire, ils ont voulu marquer le coup, c&rsquo;est pour \u00e7a qu&rsquo;ils ont frapp\u00e9s \u00e0 notre porte&#8230; enfin&#8230; c&rsquo;est SUPER PAPA qui a fais la surprise aux deux femmes de sa vie ! Le jour de leur s\u00e9ance photo en famille, Maryl\u00e8ne &amp; Romane sont ravies de ce cadeau, et \u00e7a se voit ! Ils sont tous les trois p\u00e9tillants de bonheur !<\/p>\n<p style=\"text-align: justify;\">On fais connaissance avec cette superbe famille, et c&rsquo;est parti ! D\u00e8s les premiers clics, leur complicit\u00e9 me saute aux yeux ! Papa regarde sa fille avec fiert\u00e9 et maman est une SUPER MAMAN ! S&rsquo;en suivent attaques de chatouilles et crises de rire !<\/p>\n<p style=\"text-align: justify;\">Nos amoureux depuis 20 ans se laissent aller au rythme de la playlist Grenadine, leurs regards en disent long. Romane, elle, nous offre son plus beau sourire et en profite pour dire \u00e0 ses parents qu&rsquo;elle les aimes.<\/p>\n<p style=\"text-align: justify;\"><img decoding=\"async\" class=\"aligncenter size-large wp-image-1751\" src=\"https:\/\/www.galeriegrenadine.com\/angers\/wp-content\/uploads\/sites\/12\/2016\/01\/Blog-Remignon5-1024x255.jpg\" alt=\"Blog Remignon5\" width=\"1024\" height=\"255\" \/><\/p>\n<p style=\"text-align: justify;\">3 semaines plus tard, les revoil\u00e0, cette fois-ci pour la d\u00e9couverte de leurs images dans notre <span style=\"color: #e2007f;\">cin\u00e9ma<\/span> : des rires, des larmes&#8230; un moment magique ! Ils se retrouvent face \u00e0 eux m\u00eames, mais surtout ils sont ensembles !<\/p>\n<p style=\"text-align: justify;\">Ils choisissent leurs portraits, ceux qui enrichiront leur <span style=\"color: #e2007f;\">patrimoine familial<\/span> \u00e0 vie.<\/p>\n<p style=\"text-align: justify;\">Nous les bichonnons pour leur offrir le meilleur r\u00e9sultat, et pour finir,<em> la cerise sur le g\u00e2teau<\/em> : <span style=\"color: #e2007f;\">la livraison<\/span> ! Nous d\u00e9voilons \u00e0 Maryl\u00e8ne, Romane &amp; Nicolas, ces petits morceaux de leur <span style=\"color: #e2007f;\">histoire<\/span>&#8230; Plus qu&rsquo;\u00e0 les accrocher \u00e0 la maison !<\/p>\n<p style=\"text-align: right;\">Merci \u00e0 vous trois pour ces moments magiques !<\/p>\n<p style=\"text-align: right;\">L&rsquo;\u00e9quipe <span style=\"color: #e2007f;\">Grenadine<\/span><\/p>\n<blockquote>\n<p style=\"text-align: left;\">\u00ab\u00a0Toute la v\u00e9rit\u00e9, rien que la v\u00e9rit\u00e9, c&rsquo;est \u00e7a le Studio Grenadine, une exp\u00e9rience formidable pour un moment important de notre vie. Notre anniversaire, nos 20 ans de vie commune sont d\u00e9sormais \u00e0 tout jamais grav\u00e9s dans notre vie et surtout dans notre maison. Une \u00e9quipe au top pour un r\u00e9sultat au top. Joli travail !!!<\/p>\n<p style=\"text-align: left;\">Merci !!!<\/p>\n<p style=\"text-align: left;\">Maryl\u00e8ne, Romane &amp; Nicolas.\u00a0\u00bb<\/p>\n<\/blockquote>\n<p><img decoding=\"async\" class=\"aligncenter size-large wp-image-1749\" src=\"https:\/\/www.galeriegrenadine.com\/angers\/wp-content\/uploads\/sites\/12\/2016\/01\/Blog-Remignon3-1-1024x256.jpg\" alt=\"Blog Remignon3\" width=\"1024\" height=\"256\" \/><\/p>\n","protected":false},"excerpt":{"rendered":"<p>Le 26 septembre 1995 est une date inoubliable pour Maryl\u00e8ne et Nicolas, le d\u00e9but de leur vie \u00e0 deux, le commencement de leur histoire qu&rsquo;ils continuent de l&rsquo;\u00e9crire 20 ans apr\u00e8s. Pour leur anniversaire, ils ont voulu marquer le coup, c&rsquo;est pour \u00e7a qu&rsquo;ils ont frapp\u00e9s \u00e0 notre porte&#8230; enfin&#8230; c&rsquo;est SUPER PAPA qui a <a href=\"https:\/\/www.galeriegrenadine.com\/angers\/blog\/2016\/01\/14\/une-experience-hors-normes\/\" title=\"Photographe de famille Melun  I  Une exp\u00e9rience hors normes !\" rel=\"bookmark\">[Lire la suite]<\/a><\/p>\n","protected":false},"author":3,"featured_media":1744,"comment_status":"open","ping_status":"closed","sticky":false,"template":"","format":"standard","meta":{"_et_pb_use_builder":"","_et_pb_old_content":"","_et_gb_content_width":"","_uf_show_specific_survey":0,"_uf_disable_surveys":false,"footnotes":""},"categories":[1],"tags":[],"class_list":["post-1740","post","type-post","status-publish","format-standard","has-post-thumbnail","hentry","category-non-classe"],"_links":{"self":[{"href":"https:\/\/www.galeriegrenadine.com\/angers\/wp-json\/wp\/v2\/posts\/1740","targetHints":{"allow":["GET"]}}],"collection":[{"href":"https:\/\/www.galeriegrenadine.com\/angers\/wp-json\/wp\/v2\/posts"}],"about":[{"href":"https:\/\/www.galeriegrenadine.com\/angers\/wp-json\/wp\/v2\/types\/post"}],"author":[{"embeddable":true,"href":"https:\/\/www.galeriegrenadine.com\/angers\/wp-json\/wp\/v2\/users\/3"}],"replies":[{"embeddable":true,"href":"https:\/\/www.galeriegrenadine.com\/angers\/wp-json\/wp\/v2\/comments?post=1740"}],"version-history":[{"count":0,"href":"https:\/\/www.galeriegrenadine.com\/angers\/wp-json\/wp\/v2\/posts\/1740\/revisions"}],"wp:featuredmedia":[{"embeddable":true,"href":"https:\/\/www.galeriegrenadine.com\/angers\/wp-json\/wp\/v2\/media\/1744"}],"wp:attachment":[{"href":"https:\/\/www.galeriegrenadine.com\/angers\/wp-json\/wp\/v2\/media?parent=1740"}],"wp:term":[{"taxonomy":"category","embeddable":true,"href":"https:\/\/www.galeriegrenadine.com\/angers\/wp-json\/wp\/v2\/categories?post=1740"},{"taxonomy":"post_tag","embeddable":true,"href":"https:\/\/www.galeriegrenadine.com\/angers\/wp-json\/wp\/v2\/tags?post=1740"}],"curies":[{"name":"wp","href":"https:\/\/api.w.org\/{rel}","templated":true}]}}