{"id":1438,"date":"2015-09-19T16:34:46","date_gmt":"2015-09-19T14:34:46","guid":{"rendered":"https:\/\/www.galeriegrenadine.com\/angers\/?p=1438"},"modified":"2015-09-22T10:37:19","modified_gmt":"2015-09-22T08:37:19","slug":"seance-photo-offerte-zodio-cesson-studio-grenadine","status":"publish","type":"post","link":"https:\/\/www.galeriegrenadine.com\/angers\/blog\/2015\/09\/19\/seance-photo-offerte-zodio-cesson-studio-grenadine\/","title":{"rendered":"S\u00e9ance Photo Offerte Zodio Cesson &#8211; Studio Grenadine"},"content":{"rendered":"<h1><a href=\"https:\/\/www.galeriegrenadine.com\/angers\/wp-content\/uploads\/sites\/12\/2015\/09\/zodio-grand.jpg\"><img decoding=\"async\" class=\"aligncenter size-full wp-image-1439\" src=\"https:\/\/www.galeriegrenadine.com\/angers\/wp-content\/uploads\/sites\/12\/2015\/09\/zodio-grand.jpg\" alt=\"Zodio melun cesson\" width=\"800\" height=\"592\" \/><\/a><\/h1>\n<p><a href=\"https:\/\/www.galeriegrenadine.com\/angers\/wp-content\/uploads\/sites\/12\/2014\/08\/bas-lettre.jpg\"><img decoding=\"async\" class=\"aligncenter size-large wp-image-1283\" src=\"https:\/\/www.galeriegrenadine.com\/angers\/wp-content\/uploads\/sites\/12\/2014\/08\/bas-lettre-1024x45.jpg\" alt=\"bas lettre\" width=\"1024\" height=\"45\" \/><\/a><\/p>\n<h1>\u00a0.<\/h1>\n<h1>Shooting Photo offert le samedi 26 Septembre 2015 chez Zodio Cesson &#8211; Galerie Grenadine &#8211;<\/h1>\n<p>&nbsp;<\/p>\n<p>Samedi 26 Septembre 2015, le Studio Grenadine sera chez Zodio \u00e0 Cesson ( Maison\u00e9ment ) de 11h \u00e0 18h pour vous offrir une mini-exp\u00e9rience photographique avec <a title=\"Le Facebook de Benoit\" href=\"https:\/\/www.facebook.com\/benoit.aubry1\" target=\"_blank\">Benoit<\/a> l&rsquo;un des photographes Portraitiste du Studio Grenadine.<\/p>\n<p>Pour profiter au maximum de cette exp\u00e9rience, <a title=\"Conseils s\u00e9ance photo\" href=\"https:\/\/www.galeriegrenadine.com\/offre\/\" target=\"_blank\">nous vous conseillons <\/a>de venir en famille tous habill\u00e9s en jean&rsquo;s et en haut blanc. (chemise-tshirt-polo)<\/p>\n<p>Benoit vous accueillera comme d&rsquo;habitude avec le sourire et des bonbons pour les enfants. Il r\u00e9alisera quelques photos de famille, des portraits des enfants ensemble et quelques portraits individuels.<\/p>\n<p>Suite \u00e0 cette mini-exp\u00e9rience rigolote, Il vous faudra prendre rendez-vous et venir rencontrer <a title=\"Le Facebook de Morgane\" href=\"https:\/\/www.facebook.com\/m.morgane\" target=\"_blank\">Morgane<\/a> au Studio Grenadine Melun. Lors de cette visite au Studio, il vous sera pr\u00e9sent\u00e9 les photos r\u00e9alis\u00e9es chez Zodio et vous pourrez alors en choisir une photo au format 15&#215;20 cm qui vous sera offerte.<\/p>\n<p>&nbsp;<\/p>\n<p>Vous souhaitez d\u00e9couvrir nos offres sp\u00e9ciales ? <a title=\"Facebook Grenadine\" href=\"https:\/\/www.facebook.com\/GalerieGrenadine\" target=\"_blank\">Rejoignez notre fan page Facebook<\/a><\/p>\n<p>Comment vous rendre chez Zodio Cesson&#8230; <a title=\"Adresse Zodio\" href=\"http:\/\/cesson.zodio.fr\/mon-magasin\" target=\"_blank\">Cliquez ici<\/a><\/p>\n\n\t\t<style type=\"text\/css\">\n\t\t\t#gallery-1 {\n\t\t\t\tmargin: auto;\n\t\t\t}\n\t\t\t#gallery-1 .gallery-item {\n\t\t\t\tfloat: left;\n\t\t\t\tmargin-top: 10px;\n\t\t\t\ttext-align: center;\n\t\t\t\twidth: 33%;\n\t\t\t}\n\t\t\t#gallery-1 img {\n\t\t\t\tborder: 2px solid #cfcfcf;\n\t\t\t}\n\t\t\t#gallery-1 .gallery-caption {\n\t\t\t\tmargin-left: 0;\n\t\t\t}\n\t\t\t\/* see gallery_shortcode() in wp-includes\/media.php *\/\n\t\t<\/style>\n\t\t<div id='gallery-1' class='gallery galleryid-1438 gallery-columns-3 gallery-size-thumbnail'><dl class='gallery-item'>\n\t\t\t<dt class='gallery-icon landscape'>\n\t\t\t\t<a href='https:\/\/www.galeriegrenadine.com\/angers\/wp-content\/uploads\/sites\/12\/2015\/02\/Photographe-de-b\u00e9b\u00e9-idf.jpg'><img decoding=\"async\" width=\"300\" height=\"200\" src=\"https:\/\/www.galeriegrenadine.com\/angers\/wp-content\/uploads\/sites\/12\/2015\/02\/Photographe-de-b\u00e9b\u00e9-idf-300x200.jpg\" class=\"attachment-thumbnail size-thumbnail\" alt=\"Photographe de b\u00e9b\u00e9 idf\" \/><\/a>\n\t\t\t<\/dt><\/dl><dl class='gallery-item'>\n\t\t\t<dt class='gallery-icon landscape'>\n\t\t\t\t<a href='https:\/\/www.galeriegrenadine.com\/angers\/wp-content\/uploads\/sites\/12\/2015\/02\/photographe-b\u00e9b\u00e977.jpg'><img decoding=\"async\" width=\"300\" height=\"200\" src=\"https:\/\/www.galeriegrenadine.com\/angers\/wp-content\/uploads\/sites\/12\/2015\/02\/photographe-b\u00e9b\u00e977-300x200.jpg\" class=\"attachment-thumbnail size-thumbnail\" alt=\"photographe b\u00e9b\u00e9 77\" \/><\/a>\n\t\t\t<\/dt><\/dl><dl class='gallery-item'>\n\t\t\t<dt class='gallery-icon landscape'>\n\t\t\t\t<a href='https:\/\/www.galeriegrenadine.com\/angers\/wp-content\/uploads\/sites\/12\/2015\/06\/shooting-photo-b\u00e9b\u00e9-77-231.jpg'><img decoding=\"async\" width=\"300\" height=\"200\" src=\"https:\/\/www.galeriegrenadine.com\/angers\/wp-content\/uploads\/sites\/12\/2015\/06\/shooting-photo-b\u00e9b\u00e9-77-231-300x200.jpg\" class=\"attachment-thumbnail size-thumbnail\" alt=\"\" \/><\/a>\n\t\t\t<\/dt><\/dl><br style=\"clear: both\" \/><dl class='gallery-item'>\n\t\t\t<dt class='gallery-icon landscape'>\n\t\t\t\t<a href='https:\/\/www.galeriegrenadine.com\/angers\/wp-content\/uploads\/sites\/12\/2014\/09\/Photographe-Famille-portugaise77-7.jpg'><img decoding=\"async\" width=\"300\" height=\"200\" src=\"https:\/\/www.galeriegrenadine.com\/angers\/wp-content\/uploads\/sites\/12\/2014\/09\/Photographe-Famille-portugaise77-7-300x200.jpg\" class=\"attachment-thumbnail size-thumbnail\" alt=\"\" \/><\/a>\n\t\t\t<\/dt><\/dl><dl class='gallery-item'>\n\t\t\t<dt class='gallery-icon landscape'>\n\t\t\t\t<a href='https:\/\/www.galeriegrenadine.com\/angers\/wp-content\/uploads\/sites\/12\/2014\/09\/Photographe-nouveau-n\u00e9-fontainebleau-5.jpg'><img decoding=\"async\" width=\"300\" height=\"200\" src=\"https:\/\/www.galeriegrenadine.com\/angers\/wp-content\/uploads\/sites\/12\/2014\/09\/Photographe-nouveau-n\u00e9-fontainebleau-5-300x200.jpg\" class=\"attachment-thumbnail size-thumbnail\" alt=\"\" \/><\/a>\n\t\t\t<\/dt><\/dl><dl class='gallery-item'>\n\t\t\t<dt class='gallery-icon landscape'>\n\t\t\t\t<a href='https:\/\/www.galeriegrenadine.com\/angers\/wp-content\/uploads\/sites\/12\/2015\/01\/Photographe-nouveau-n\u00e9-fontainebleau-7.jpg'><img decoding=\"async\" width=\"300\" height=\"200\" src=\"https:\/\/www.galeriegrenadine.com\/angers\/wp-content\/uploads\/sites\/12\/2015\/01\/Photographe-nouveau-n\u00e9-fontainebleau-7-300x200.jpg\" class=\"attachment-thumbnail size-thumbnail\" alt=\"Photographe nouveau n\u00e9 fontainebleau-7\" \/><\/a>\n\t\t\t<\/dt><\/dl><br style=\"clear: both\" \/><dl class='gallery-item'>\n\t\t\t<dt class='gallery-icon landscape'>\n\t\t\t\t<a href='https:\/\/www.galeriegrenadine.com\/angers\/wp-content\/uploads\/sites\/12\/2014\/08\/Photographe-de-cousinade-77-5.jpg'><img decoding=\"async\" width=\"300\" height=\"200\" src=\"https:\/\/www.galeriegrenadine.com\/angers\/wp-content\/uploads\/sites\/12\/2014\/08\/Photographe-de-cousinade-77-5-300x200.jpg\" class=\"attachment-thumbnail size-thumbnail\" alt=\"Photographe Famille et cousinade 77-5\" \/><\/a>\n\t\t\t<\/dt><\/dl><dl class='gallery-item'>\n\t\t\t<dt class='gallery-icon landscape'>\n\t\t\t\t<a href='https:\/\/www.galeriegrenadine.com\/angers\/wp-content\/uploads\/sites\/12\/2014\/08\/Photographe-enfant-et-Famille-77-7.jpg'><img decoding=\"async\" width=\"300\" height=\"200\" src=\"https:\/\/www.galeriegrenadine.com\/angers\/wp-content\/uploads\/sites\/12\/2014\/08\/Photographe-enfant-et-Famille-77-7-300x200.jpg\" class=\"attachment-thumbnail size-thumbnail\" alt=\"\" \/><\/a>\n\t\t\t<\/dt><\/dl><dl class='gallery-item'>\n\t\t\t<dt class='gallery-icon landscape'>\n\t\t\t\t<a href='https:\/\/www.galeriegrenadine.com\/angers\/wp-content\/uploads\/sites\/12\/2014\/08\/Galerie-Grenadine-8.jpg'><img decoding=\"async\" width=\"300\" height=\"200\" src=\"https:\/\/www.galeriegrenadine.com\/angers\/wp-content\/uploads\/sites\/12\/2014\/08\/Galerie-Grenadine-8-300x200.jpg\" class=\"attachment-thumbnail size-thumbnail\" alt=\"photographe famille nancy\" \/><\/a>\n\t\t\t<\/dt><\/dl><br style=\"clear: both\" \/>\n\t\t<\/div>\n\n","protected":false},"excerpt":{"rendered":"<p>\u00a0. Shooting Photo offert le samedi 26 Septembre 2015 chez Zodio Cesson &#8211; Galerie Grenadine &#8211; &nbsp; Samedi 26 Septembre 2015, le Studio Grenadine sera chez Zodio \u00e0 Cesson ( Maison\u00e9ment ) de 11h \u00e0 18h pour vous offrir une mini-exp\u00e9rience photographique avec Benoit l&rsquo;un des photographes Portraitiste du Studio Grenadine. Pour profiter au maximum <a href=\"https:\/\/www.galeriegrenadine.com\/angers\/blog\/2015\/09\/19\/seance-photo-offerte-zodio-cesson-studio-grenadine\/\" title=\"S\u00e9ance Photo Offerte Zodio Cesson &#8211; Studio Grenadine\" rel=\"bookmark\">[Lire la suite]<\/a><\/p>\n","protected":false},"author":3,"featured_media":1439,"comment_status":"open","ping_status":"closed","sticky":false,"template":"","format":"standard","meta":{"_et_pb_use_builder":"","_et_pb_old_content":"","_et_gb_content_width":"","_uf_show_specific_survey":0,"_uf_disable_surveys":false,"footnotes":""},"categories":[1],"tags":[52,50,51,53],"class_list":["post-1438","post","type-post","status-publish","format-standard","has-post-thumbnail","hentry","category-non-classe","tag-photographe-de-famille-idf","tag-seance-photo-gratuite","tag-studio-photo-77","tag-studio-photo-rigolo"],"_links":{"self":[{"href":"https:\/\/www.galeriegrenadine.com\/angers\/wp-json\/wp\/v2\/posts\/1438","targetHints":{"allow":["GET"]}}],"collection":[{"href":"https:\/\/www.galeriegrenadine.com\/angers\/wp-json\/wp\/v2\/posts"}],"about":[{"href":"https:\/\/www.galeriegrenadine.com\/angers\/wp-json\/wp\/v2\/types\/post"}],"author":[{"embeddable":true,"href":"https:\/\/www.galeriegrenadine.com\/angers\/wp-json\/wp\/v2\/users\/3"}],"replies":[{"embeddable":true,"href":"https:\/\/www.galeriegrenadine.com\/angers\/wp-json\/wp\/v2\/comments?post=1438"}],"version-history":[{"count":0,"href":"https:\/\/www.galeriegrenadine.com\/angers\/wp-json\/wp\/v2\/posts\/1438\/revisions"}],"wp:featuredmedia":[{"embeddable":true,"href":"https:\/\/www.galeriegrenadine.com\/angers\/wp-json\/wp\/v2\/media\/1439"}],"wp:attachment":[{"href":"https:\/\/www.galeriegrenadine.com\/angers\/wp-json\/wp\/v2\/media?parent=1438"}],"wp:term":[{"taxonomy":"category","embeddable":true,"href":"https:\/\/www.galeriegrenadine.com\/angers\/wp-json\/wp\/v2\/categories?post=1438"},{"taxonomy":"post_tag","embeddable":true,"href":"https:\/\/www.galeriegrenadine.com\/angers\/wp-json\/wp\/v2\/tags?post=1438"}],"curies":[{"name":"wp","href":"https:\/\/api.w.org\/{rel}","templated":true}]}}