{"id":1437,"date":"2015-09-22T17:03:22","date_gmt":"2015-09-22T15:03:22","guid":{"rendered":"https:\/\/www.galeriegrenadine.com\/angers\/?p=1437"},"modified":"2015-09-22T17:59:19","modified_gmt":"2015-09-22T15:59:19","slug":"photographe-de-grande-et-tres-grande-famille-idf","status":"publish","type":"post","link":"https:\/\/www.galeriegrenadine.com\/angers\/blog\/2015\/09\/22\/photographe-de-grande-et-tres-grande-famille-idf\/","title":{"rendered":"Photographe de grande et tr\u00e8s grande famille idf"},"content":{"rendered":"<h1><a href=\"https:\/\/www.galeriegrenadine.com\/angers\/wp-content\/uploads\/sites\/12\/2015\/09\/GalerieGrenadine-6.jpg\"><img decoding=\"async\" class=\"aligncenter size-large wp-image-1449\" src=\"https:\/\/www.galeriegrenadine.com\/angers\/wp-content\/uploads\/sites\/12\/2015\/09\/GalerieGrenadine-6-1024x683.jpg\" alt=\"Photographe de grande famille\" width=\"1024\" height=\"683\" \/><\/a>.<\/h1>\n<p><a href=\"https:\/\/www.galeriegrenadine.com\/angers\/wp-content\/uploads\/sites\/12\/2014\/08\/bas-lettre.jpg\"><img decoding=\"async\" class=\"aligncenter size-large wp-image-1283\" src=\"https:\/\/www.galeriegrenadine.com\/angers\/wp-content\/uploads\/sites\/12\/2014\/08\/bas-lettre-1024x45.jpg\" alt=\"bas lettre\" width=\"1024\" height=\"45\" \/><\/a><\/p>\n<h1>Notre Studio Photo est sp\u00e9cialis\u00e9 dans l&rsquo;accueil de grande et tr\u00e8s grande famille en seine et marne.<\/h1>\n<p>&nbsp;<\/p>\n<p>Vous souhaitez offrir un beau souvenir \u00e0 votre famille&#8230; Le Studio <span style=\"color: #e2007a;\">Grenadine<\/span>, photographe \u00e0 Melun en IDF, propose des s\u00e9ances adapt\u00e9es aux grandes et tr\u00e8s grandes familles. Une s\u00e9ance photo de 45\/60 minutes avec rire, de la joie et de la fiert\u00e9 !<\/p>\n<p>Notre record est de 34 personnes, d\u00e9passez celui-ci et le Studio <span style=\"color: #e2007a;\">Grenadine<\/span> vous offre votre s\u00e9ance !<\/p>\n<p>Notre Studio sera ouvert entre no\u00ebl et le jour de l&rsquo;an&#8230; Profitez des f\u00eates et rassemblez votre tribu !<\/p>\n<p>Renseignements aupr\u00e8s de l&rsquo;\u00e9quipe du Studio <span style=\"color: #e2007a;\">Grenadine<\/span> au 0164373585.<\/p>\n<p>&nbsp;<\/p>\n\n\t\t<style type=\"text\/css\">\n\t\t\t#gallery-1 {\n\t\t\t\tmargin: auto;\n\t\t\t}\n\t\t\t#gallery-1 .gallery-item {\n\t\t\t\tfloat: left;\n\t\t\t\tmargin-top: 10px;\n\t\t\t\ttext-align: center;\n\t\t\t\twidth: 33%;\n\t\t\t}\n\t\t\t#gallery-1 img {\n\t\t\t\tborder: 2px solid #cfcfcf;\n\t\t\t}\n\t\t\t#gallery-1 .gallery-caption {\n\t\t\t\tmargin-left: 0;\n\t\t\t}\n\t\t\t\/* see gallery_shortcode() in wp-includes\/media.php *\/\n\t\t<\/style>\n\t\t<div id='gallery-1' class='gallery galleryid-1437 gallery-columns-3 gallery-size-thumbnail'><dl class='gallery-item'>\n\t\t\t<dt class='gallery-icon landscape'>\n\t\t\t\t<a href='https:\/\/www.galeriegrenadine.com\/angers\/wp-content\/uploads\/sites\/12\/2014\/08\/Photographe-de-famille-enfant-et-cousin-1.jpg'><img decoding=\"async\" width=\"300\" height=\"200\" src=\"https:\/\/www.galeriegrenadine.com\/angers\/wp-content\/uploads\/sites\/12\/2014\/08\/Photographe-de-famille-enfant-et-cousin-1-300x200.jpg\" class=\"attachment-thumbnail size-thumbnail\" alt=\"Photographe de famille enfant et cousin-1\" \/><\/a>\n\t\t\t<\/dt><\/dl><dl class='gallery-item'>\n\t\t\t<dt class='gallery-icon landscape'>\n\t\t\t\t<a href='https:\/\/www.galeriegrenadine.com\/angers\/wp-content\/uploads\/sites\/12\/2014\/08\/Photographe-de-famille-enfant-et-chien-1.jpg'><img decoding=\"async\" width=\"300\" height=\"200\" src=\"https:\/\/www.galeriegrenadine.com\/angers\/wp-content\/uploads\/sites\/12\/2014\/08\/Photographe-de-famille-enfant-et-chien-1-300x200.jpg\" class=\"attachment-thumbnail size-thumbnail\" alt=\"Photographe de famille enfant et chien-1\" \/><\/a>\n\t\t\t<\/dt><\/dl><dl class='gallery-item'>\n\t\t\t<dt class='gallery-icon landscape'>\n\t\t\t\t<a href='https:\/\/www.galeriegrenadine.com\/angers\/wp-content\/uploads\/sites\/12\/2014\/09\/Photographe-Famille-portugaise77-7.jpg'><img decoding=\"async\" width=\"300\" height=\"200\" src=\"https:\/\/www.galeriegrenadine.com\/angers\/wp-content\/uploads\/sites\/12\/2014\/09\/Photographe-Famille-portugaise77-7-300x200.jpg\" class=\"attachment-thumbnail size-thumbnail\" alt=\"\" \/><\/a>\n\t\t\t<\/dt><\/dl><br style=\"clear: both\" \/><dl class='gallery-item'>\n\t\t\t<dt class='gallery-icon landscape'>\n\t\t\t\t<a href='https:\/\/www.galeriegrenadine.com\/angers\/wp-content\/uploads\/sites\/12\/2014\/08\/Photographe-de-cousinade-77-4.jpg'><img decoding=\"async\" width=\"300\" height=\"200\" src=\"https:\/\/www.galeriegrenadine.com\/angers\/wp-content\/uploads\/sites\/12\/2014\/08\/Photographe-de-cousinade-77-4-300x200.jpg\" class=\"attachment-thumbnail size-thumbnail\" alt=\"\" \/><\/a>\n\t\t\t<\/dt><\/dl><dl class='gallery-item'>\n\t\t\t<dt class='gallery-icon portrait'>\n\t\t\t\t<a href='https:\/\/www.galeriegrenadine.com\/angers\/wp-content\/uploads\/sites\/12\/2014\/08\/Shooting-photo-77.jpg'><img decoding=\"async\" width=\"300\" height=\"200\" src=\"https:\/\/www.galeriegrenadine.com\/angers\/wp-content\/uploads\/sites\/12\/2014\/08\/Shooting-photo-77-300x200.jpg\" class=\"attachment-thumbnail size-thumbnail\" alt=\"\" \/><\/a>\n\t\t\t<\/dt><\/dl><dl class='gallery-item'>\n\t\t\t<dt class='gallery-icon landscape'>\n\t\t\t\t<a href='https:\/\/www.galeriegrenadine.com\/angers\/wp-content\/uploads\/sites\/12\/2014\/08\/Photographe-pour-famille.jpg'><img decoding=\"async\" width=\"300\" height=\"200\" src=\"https:\/\/www.galeriegrenadine.com\/angers\/wp-content\/uploads\/sites\/12\/2014\/08\/Photographe-pour-famille-300x200.jpg\" class=\"attachment-thumbnail size-thumbnail\" alt=\"Photographe gande Famille\" \/><\/a>\n\t\t\t<\/dt><\/dl><br style=\"clear: both\" \/><dl class='gallery-item'>\n\t\t\t<dt class='gallery-icon landscape'>\n\t\t\t\t<a href='https:\/\/www.galeriegrenadine.com\/angers\/wp-content\/uploads\/sites\/12\/2014\/08\/photographe-de-famille-77.jpg'><img decoding=\"async\" width=\"300\" height=\"200\" src=\"https:\/\/www.galeriegrenadine.com\/angers\/wp-content\/uploads\/sites\/12\/2014\/08\/photographe-de-famille-77-300x200.jpg\" class=\"attachment-thumbnail size-thumbnail\" alt=\"photographe de tr\u00e8s grande famille\" \/><\/a>\n\t\t\t<\/dt><\/dl><dl class='gallery-item'>\n\t\t\t<dt class='gallery-icon landscape'>\n\t\t\t\t<a href='https:\/\/www.galeriegrenadine.com\/angers\/wp-content\/uploads\/sites\/12\/2014\/09\/Photographe-enfants-et-b\u00e9b\u00e9-1.jpg'><img decoding=\"async\" width=\"300\" height=\"200\" src=\"https:\/\/www.galeriegrenadine.com\/angers\/wp-content\/uploads\/sites\/12\/2014\/09\/Photographe-enfants-et-b\u00e9b\u00e9-1-300x200.jpg\" class=\"attachment-thumbnail size-thumbnail\" alt=\"photographe 77\" \/><\/a>\n\t\t\t<\/dt><\/dl><dl class='gallery-item'>\n\t\t\t<dt class='gallery-icon landscape'>\n\t\t\t\t<a href='https:\/\/www.galeriegrenadine.com\/angers\/wp-content\/uploads\/sites\/12\/2014\/08\/Photographe-de-famille-enfant-et-b\u00e9b\u00e9-2.jpg'><img decoding=\"async\" width=\"300\" height=\"200\" src=\"https:\/\/www.galeriegrenadine.com\/angers\/wp-content\/uploads\/sites\/12\/2014\/08\/Photographe-de-famille-enfant-et-b\u00e9b\u00e9-2-300x200.jpg\" class=\"attachment-thumbnail size-thumbnail\" alt=\"Photographe de famille enfant et b\u00e9b\u00e9-2\" \/><\/a>\n\t\t\t<\/dt><\/dl><br style=\"clear: both\" \/>\n\t\t<\/div>\n\n","protected":false},"excerpt":{"rendered":"<p>. Notre Studio Photo est sp\u00e9cialis\u00e9 dans l&rsquo;accueil de grande et tr\u00e8s grande famille en seine et marne. &nbsp; Vous souhaitez offrir un beau souvenir \u00e0 votre famille&#8230; Le Studio Grenadine, photographe \u00e0 Melun en IDF, propose des s\u00e9ances adapt\u00e9es aux grandes et tr\u00e8s grandes familles. Une s\u00e9ance photo de 45\/60 minutes avec rire, de <a href=\"https:\/\/www.galeriegrenadine.com\/angers\/blog\/2015\/09\/22\/photographe-de-grande-et-tres-grande-famille-idf\/\" title=\"Photographe de grande et tr\u00e8s grande famille idf\" rel=\"bookmark\">[Lire la suite]<\/a><\/p>\n","protected":false},"author":3,"featured_media":941,"comment_status":"open","ping_status":"closed","sticky":false,"template":"","format":"standard","meta":{"_et_pb_use_builder":"","_et_pb_old_content":"","_et_gb_content_width":"","_uf_show_specific_survey":0,"_uf_disable_surveys":false,"footnotes":""},"categories":[23,13,1],"tags":[46,54,52],"class_list":["post-1437","post","type-post","status-publish","format-standard","has-post-thumbnail","hentry","category-actu-du-studio","category-en-famille","category-non-classe","tag-photographe-77","tag-photographe-de-famille-77","tag-photographe-de-famille-idf"],"_links":{"self":[{"href":"https:\/\/www.galeriegrenadine.com\/angers\/wp-json\/wp\/v2\/posts\/1437","targetHints":{"allow":["GET"]}}],"collection":[{"href":"https:\/\/www.galeriegrenadine.com\/angers\/wp-json\/wp\/v2\/posts"}],"about":[{"href":"https:\/\/www.galeriegrenadine.com\/angers\/wp-json\/wp\/v2\/types\/post"}],"author":[{"embeddable":true,"href":"https:\/\/www.galeriegrenadine.com\/angers\/wp-json\/wp\/v2\/users\/3"}],"replies":[{"embeddable":true,"href":"https:\/\/www.galeriegrenadine.com\/angers\/wp-json\/wp\/v2\/comments?post=1437"}],"version-history":[{"count":0,"href":"https:\/\/www.galeriegrenadine.com\/angers\/wp-json\/wp\/v2\/posts\/1437\/revisions"}],"wp:featuredmedia":[{"embeddable":true,"href":"https:\/\/www.galeriegrenadine.com\/angers\/wp-json\/wp\/v2\/media\/941"}],"wp:attachment":[{"href":"https:\/\/www.galeriegrenadine.com\/angers\/wp-json\/wp\/v2\/media?parent=1437"}],"wp:term":[{"taxonomy":"category","embeddable":true,"href":"https:\/\/www.galeriegrenadine.com\/angers\/wp-json\/wp\/v2\/categories?post=1437"},{"taxonomy":"post_tag","embeddable":true,"href":"https:\/\/www.galeriegrenadine.com\/angers\/wp-json\/wp\/v2\/tags?post=1437"}],"curies":[{"name":"wp","href":"https:\/\/api.w.org\/{rel}","templated":true}]}}