{"id":1199,"date":"2015-05-06T19:03:51","date_gmt":"2015-05-06T17:03:51","guid":{"rendered":"https:\/\/www.galeriegrenadine.com\/angers\/?p=1199"},"modified":"2015-07-08T11:33:19","modified_gmt":"2015-07-08T09:33:19","slug":"seance-photo-offerte-avec-une-photo-15x20-cm-chez-jardin-de-france-vendredi-8-mai-2015","status":"publish","type":"post","link":"https:\/\/www.galeriegrenadine.com\/angers\/blog\/2015\/05\/06\/seance-photo-offerte-avec-une-photo-15x20-cm-chez-jardin-de-france-vendredi-8-mai-2015\/","title":{"rendered":"S\u00e9ance photo offerte avec une photo 15&#215;20 cm chez Jardin de France vendredi 8 mai 2015"},"content":{"rendered":"<h1 style=\"text-align: center;\"><a href=\"https:\/\/www.galeriegrenadine.com\/angers\/wp-content\/uploads\/sites\/12\/2015\/05\/logo-hd.jpg\"><img decoding=\"async\" class=\" size-medium wp-image-1202 aligncenter\" src=\"https:\/\/www.galeriegrenadine.com\/angers\/wp-content\/uploads\/sites\/12\/2015\/05\/logo-hd-566x400.jpg\" alt=\"logo hd\" width=\"566\" height=\"400\" \/><\/a><\/h1>\n<h1 style=\"text-align: center;\">Mini s\u00e9ance photo offerte avec un tirage format 15&#215;20 cm\u00a0 par Jardin de France<\/h1>\n<p>&nbsp;<\/p>\n<h3><a href=\"https:\/\/www.galeriegrenadine.com\/angers\/wp-content\/uploads\/sites\/12\/2015\/05\/bando-plan.jpg\"><img decoding=\"async\" class=\" size-medium wp-image-1204 aligncenter\" src=\"https:\/\/www.galeriegrenadine.com\/angers\/wp-content\/uploads\/sites\/12\/2015\/05\/bando-plan-600x124.jpg\" alt=\"bando-plan\" width=\"600\" height=\"124\" \/><\/a><\/h3>\n<p>&nbsp;<\/p>\n<h4 style=\"text-align: center;\"><span style=\"color: #000000;\">A l&rsquo;occasion de la f\u00eate des m\u00e8res, Le Studio Grenadine et <span style=\"color: #e2007a;\"><a style=\"color: #e2007a;\" href=\"http:\/\/www.jardin-de-france.eu\/accueil.html\">Jardin de France<\/a>\u00a0<\/span> {M\u00e9e-sur-Seine} vous offrirons <span style=\"color: #e2007a;\">une mini s\u00e9ance<\/span> photo et u<span style=\"color: #e2007a;\">ne photo<\/span> format 15&#215;20 cm de votre choix \u00e0 toutes les mamans, mamies, enfants et petits enfants le vendredi 8 Mai 2015 de 14h \u00e0 21h30<br \/>\n<\/span><\/h4>\n<h4 style=\"text-align: center;\"><span style=\"color: #000000;\">Lors de cette journ\u00e9e, vous pourrez <span style=\"color: #e2007a;\">profiter d&rsquo;offres sp\u00e9ciales<\/span> sur tout le magasin Jardin de France ainsi qu&rsquo;une <span style=\"color: #e2007a;\">r\u00e9duction exceptionnelle<\/span> sur notre s\u00e9ance photo famille de 40\u20ac.<\/span><\/h4>\n<h4 style=\"text-align: center;\"><a href=\"https:\/\/www.galeriegrenadine.com\/photographe-fontainebleau-fete-des-meres\/\"><img decoding=\"async\" class=\"aligncenter wp-image-1128 size-medium\" src=\"https:\/\/www.galeriegrenadine.com\/angers\/wp-content\/uploads\/sites\/12\/2015\/03\/Fete-des-m\u00e8res-hd1-271x400.jpg\" alt=\"Id\u00e9e cadeau Fete des m\u00e8res hd\" width=\"271\" height=\"400\" \/><\/a><\/h4>\n<h4 style=\"text-align: center;\"><span style=\"color: #000000;\">Vous connaissez d\u00e9j\u00e0 le style du <span style=\"color: #e2007a;\">Studio Grenadine<\/span> ?<\/span><\/h4>\n<h4 style=\"text-align: center;\"><span style=\"color: #000000;\">Pour l&rsquo;occasion <span style=\"color: #e2007a;\">Grenadine<\/span> offrira un style diff\u00e9rent&#8230; Sur une d\u00e9coration de Sophie. {F\u00e9minine &amp; R\u00e9trochic}<\/span><\/h4>\n<h4 style=\"text-align: center;\"><span style=\"color: #000000;\">Sans rendez-vous de 14h \u00e0 21h30<\/span><\/h4>\n<h4 style=\"text-align: center;\"><span style=\"color: #000000;\">Jardin de France Centre Commercial Plein ciel route de Corbeil<\/span><br \/>\n<span style=\"color: #000000;\"> 77350 Le M\u00e9e sur Seine<\/span><\/h4>\n<p>&nbsp;<\/p>\n","protected":false},"excerpt":{"rendered":"<p>Mini s\u00e9ance photo offerte avec un tirage format 15&#215;20 cm\u00a0 par Jardin de France &nbsp; &nbsp; A l&rsquo;occasion de la f\u00eate des m\u00e8res, Le Studio Grenadine et Jardin de France\u00a0 {M\u00e9e-sur-Seine} vous offrirons une mini s\u00e9ance photo et une photo format 15&#215;20 cm de votre choix \u00e0 toutes les mamans, mamies, enfants et petits enfants <a href=\"https:\/\/www.galeriegrenadine.com\/angers\/blog\/2015\/05\/06\/seance-photo-offerte-avec-une-photo-15x20-cm-chez-jardin-de-france-vendredi-8-mai-2015\/\" title=\"S\u00e9ance photo offerte avec une photo 15&#215;20 cm chez Jardin de France vendredi 8 mai 2015\" rel=\"bookmark\">[Lire la suite]<\/a><\/p>\n","protected":false},"author":3,"featured_media":1202,"comment_status":"open","ping_status":"closed","sticky":false,"template":"","format":"standard","meta":{"_et_pb_use_builder":"","_et_pb_old_content":"","_et_gb_content_width":"","_uf_show_specific_survey":0,"_uf_disable_surveys":false,"footnotes":""},"categories":[1],"tags":[],"class_list":["post-1199","post","type-post","status-publish","format-standard","has-post-thumbnail","hentry","category-non-classe"],"_links":{"self":[{"href":"https:\/\/www.galeriegrenadine.com\/angers\/wp-json\/wp\/v2\/posts\/1199","targetHints":{"allow":["GET"]}}],"collection":[{"href":"https:\/\/www.galeriegrenadine.com\/angers\/wp-json\/wp\/v2\/posts"}],"about":[{"href":"https:\/\/www.galeriegrenadine.com\/angers\/wp-json\/wp\/v2\/types\/post"}],"author":[{"embeddable":true,"href":"https:\/\/www.galeriegrenadine.com\/angers\/wp-json\/wp\/v2\/users\/3"}],"replies":[{"embeddable":true,"href":"https:\/\/www.galeriegrenadine.com\/angers\/wp-json\/wp\/v2\/comments?post=1199"}],"version-history":[{"count":0,"href":"https:\/\/www.galeriegrenadine.com\/angers\/wp-json\/wp\/v2\/posts\/1199\/revisions"}],"wp:featuredmedia":[{"embeddable":true,"href":"https:\/\/www.galeriegrenadine.com\/angers\/wp-json\/wp\/v2\/media\/1202"}],"wp:attachment":[{"href":"https:\/\/www.galeriegrenadine.com\/angers\/wp-json\/wp\/v2\/media?parent=1199"}],"wp:term":[{"taxonomy":"category","embeddable":true,"href":"https:\/\/www.galeriegrenadine.com\/angers\/wp-json\/wp\/v2\/categories?post=1199"},{"taxonomy":"post_tag","embeddable":true,"href":"https:\/\/www.galeriegrenadine.com\/angers\/wp-json\/wp\/v2\/tags?post=1199"}],"curies":[{"name":"wp","href":"https:\/\/api.w.org\/{rel}","templated":true}]}}