{"id":1148,"date":"2015-04-16T17:11:31","date_gmt":"2015-04-16T15:11:31","guid":{"rendered":"https:\/\/www.galeriegrenadine.com\/angers\/?p=1148"},"modified":"2015-04-28T16:37:34","modified_gmt":"2015-04-28T14:37:34","slug":"photographe-fontainebleau-fete-des-meres","status":"publish","type":"post","link":"https:\/\/www.galeriegrenadine.com\/angers\/blog\/2015\/04\/16\/photographe-fontainebleau-fete-des-meres\/","title":{"rendered":"Photographe F\u00eate des m\u00e8res 2015"},"content":{"rendered":"<p>[vc_row][vc_column][vc_column_text]<\/p>\n<h2 style=\"text-align: left;\">Offrez une s\u00e9ance photo chez Grenadine !!!<\/h2>\n<p style=\"text-align: left;\">Notre <span style=\"color: #e2007a;\">espace photographique unique<\/span> dans la r\u00e9gion est sp\u00e9cialis\u00e9 dans l\u2019accueil et le <span style=\"color: #e2007a;\">divertissement photographique de famille heureuse<\/span>. Seul, en couple, avec vos enfants ou petits enfants. Votre photographe vous assure <span style=\"text-decoration: underline;\"><span style=\"color: #e2007a; text-decoration: underline;\"><a style=\"color: #e2007a; text-decoration: underline;\" href=\"https:\/\/www.galeriegrenadine.com\/angers\/garantie\/\" target=\"_blank\">un r\u00e9sultat \u00e0 100%.<\/a><\/span><\/span><\/p>\n<p style=\"text-align: left;\">A l&rsquo;occasion de la f\u00eate des m\u00e8res le 31 Mai 2015, la <span style=\"color: #e2007a;\">Galerie et le Studio Grenadine<\/span> vous propose une offre exceptionnelle de 40\u20ac sur votre s\u00e9ance photo en famille. Soit 77\u20ac au lieu de 117\u20ac.<\/p>\n\n\t\t<style type=\"text\/css\">\n\t\t\t#gallery-1 {\n\t\t\t\tmargin: auto;\n\t\t\t}\n\t\t\t#gallery-1 .gallery-item {\n\t\t\t\tfloat: left;\n\t\t\t\tmargin-top: 10px;\n\t\t\t\ttext-align: center;\n\t\t\t\twidth: 33%;\n\t\t\t}\n\t\t\t#gallery-1 img {\n\t\t\t\tborder: 2px solid #cfcfcf;\n\t\t\t}\n\t\t\t#gallery-1 .gallery-caption {\n\t\t\t\tmargin-left: 0;\n\t\t\t}\n\t\t\t\/* see gallery_shortcode() in wp-includes\/media.php *\/\n\t\t<\/style>\n\t\t<div id='gallery-1' class='gallery galleryid-1148 gallery-columns-3 gallery-size-thumbnail'><dl class='gallery-item'>\n\t\t\t<dt class='gallery-icon landscape'>\n\t\t\t\t<a href='https:\/\/www.galeriegrenadine.com\/angers\/blog\/2015\/04\/16\/photographe-fontainebleau-fete-des-meres\/photographe-pro-enfant-et-famille-2-2\/'><img decoding=\"async\" width=\"300\" height=\"200\" src=\"https:\/\/www.galeriegrenadine.com\/angers\/wp-content\/uploads\/sites\/12\/2015\/03\/Photographe-pro-enfant-et-Famille-2-300x200.jpg\" class=\"attachment-thumbnail size-thumbnail\" alt=\"Photographe famille et enfant\" \/><\/a>\n\t\t\t<\/dt><\/dl><dl class='gallery-item'>\n\t\t\t<dt class='gallery-icon landscape'>\n\t\t\t\t<a href='https:\/\/www.galeriegrenadine.com\/angers\/photographe\/photo-enfant-et-famille-2\/'><img decoding=\"async\" width=\"300\" height=\"200\" src=\"https:\/\/www.galeriegrenadine.com\/angers\/wp-content\/uploads\/sites\/12\/2014\/08\/Photo-enfant-et-Famille-2-300x200.jpg\" class=\"attachment-thumbnail size-thumbnail\" alt=\"Photographe enfant et Famille -2\" \/><\/a>\n\t\t\t<\/dt><\/dl><dl class='gallery-item'>\n\t\t\t<dt class='gallery-icon landscape'>\n\t\t\t\t<a href='https:\/\/www.galeriegrenadine.com\/angers\/photographe\/photographe-famille-portugaise77-6\/'><img decoding=\"async\" width=\"300\" height=\"200\" src=\"https:\/\/www.galeriegrenadine.com\/angers\/wp-content\/uploads\/sites\/12\/2014\/09\/Photographe-Famille-portugaise77-6-300x200.jpg\" class=\"attachment-thumbnail size-thumbnail\" alt=\"Photographe Famille portugaise\" \/><\/a>\n\t\t\t<\/dt><\/dl><br style=\"clear: both\" \/><dl class='gallery-item'>\n\t\t\t<dt class='gallery-icon landscape'>\n\t\t\t\t<a href='https:\/\/www.galeriegrenadine.com\/angers\/photographe\/photographe-enfant-et-bebe-3\/'><img decoding=\"async\" width=\"300\" height=\"200\" src=\"https:\/\/www.galeriegrenadine.com\/angers\/wp-content\/uploads\/sites\/12\/2014\/09\/Photographe-enfant-et-b\u00e9b\u00e9-3-300x200.jpg\" class=\"attachment-thumbnail size-thumbnail\" alt=\"Photographe enfant et b\u00e9b\u00e9 77\" \/><\/a>\n\t\t\t<\/dt><\/dl><dl class='gallery-item'>\n\t\t\t<dt class='gallery-icon landscape'>\n\t\t\t\t<a href='https:\/\/www.galeriegrenadine.com\/angers\/photographe\/galeriegrenadine-4-3\/'><img decoding=\"async\" width=\"300\" height=\"200\" src=\"https:\/\/www.galeriegrenadine.com\/angers\/wp-content\/uploads\/sites\/12\/2014\/09\/GalerieGrenadine-4-3-300x200.jpg\" class=\"attachment-thumbnail size-thumbnail\" alt=\"photographe rigolo idf\" \/><\/a>\n\t\t\t<\/dt><\/dl><dl class='gallery-item'>\n\t\t\t<dt class='gallery-icon landscape'>\n\t\t\t\t<a href='https:\/\/www.galeriegrenadine.com\/angers\/photographe\/photographe-pour-famille\/'><img decoding=\"async\" width=\"300\" height=\"200\" src=\"https:\/\/www.galeriegrenadine.com\/angers\/wp-content\/uploads\/sites\/12\/2014\/08\/Photographe-pour-famille-300x200.jpg\" class=\"attachment-thumbnail size-thumbnail\" alt=\"Photographe gande Famille\" \/><\/a>\n\t\t\t<\/dt><\/dl><br style=\"clear: both\" \/><dl class='gallery-item'>\n\t\t\t<dt class='gallery-icon landscape'>\n\t\t\t\t<a href='https:\/\/www.galeriegrenadine.com\/angers\/blog\/2013\/09\/02\/photographe-de-famille-en-seine-et-marne\/studiogrenadine-12\/'><img decoding=\"async\" width=\"300\" height=\"200\" src=\"https:\/\/www.galeriegrenadine.com\/angers\/wp-content\/uploads\/sites\/12\/2014\/08\/StudioGrenadine-12-300x200.jpg\" class=\"attachment-thumbnail size-thumbnail\" alt=\"\" \/><\/a>\n\t\t\t<\/dt><\/dl><dl class='gallery-item'>\n\t\t\t<dt class='gallery-icon landscape'>\n\t\t\t\t<a href='https:\/\/www.galeriegrenadine.com\/angers\/blog\/2013\/08\/29\/une-seance-entre-mere-et-filles\/grenadine-111\/'><img decoding=\"async\" width=\"300\" height=\"200\" src=\"https:\/\/www.galeriegrenadine.com\/angers\/wp-content\/uploads\/sites\/12\/2014\/08\/grenadine-111-300x200.jpg\" class=\"attachment-thumbnail size-thumbnail\" alt=\"\" \/><\/a>\n\t\t\t<\/dt><\/dl><dl class='gallery-item'>\n\t\t\t<dt class='gallery-icon landscape'>\n\t\t\t\t<a href='https:\/\/www.galeriegrenadine.com\/angers\/blog\/2014\/01\/05\/lesprit-grenadine\/galerie-grenadine-12\/'><img decoding=\"async\" width=\"300\" height=\"200\" src=\"https:\/\/www.galeriegrenadine.com\/angers\/wp-content\/uploads\/sites\/12\/2014\/08\/Galerie-Grenadine-12-300x200.jpg\" class=\"attachment-thumbnail size-thumbnail\" alt=\"\" \/><\/a>\n\t\t\t<\/dt><\/dl><br style=\"clear: both\" \/>\n\t\t<\/div>\n\n<p style=\"text-align: left;\">.<\/p>\n<h2 style=\"text-align: left;\">Le concept Grenadine<\/h2>\n<p style=\"text-align: left;\">L\u2019exp\u00e9rience Grenadine consiste \u00e0 rassembler votre famille lors d\u2019une s\u00e9ance photographique rigolote. Estelle et Benoit, les photographes du Studio, vous assures une balade de 30\/45 minutes de rires, de chatouilles et de bisous. <span style=\"text-decoration: underline;\"><span style=\"color: #e2007a; text-decoration: underline;\"><a style=\"color: #e2007a; text-decoration: underline;\" href=\"https:\/\/www.galeriegrenadine.com\/angers\/lexperience\/\" target=\"_blank\">D\u00e9couvrez les \u00e9tapes ici.<\/a><\/span><\/span><\/p>\n<p style=\"text-align: left;\">N&rsquo;h\u00e9sitez pas \u00e0 nous contacter au <span style=\"color: #e2007a;\">0164373585<\/span> ou directement en Galerie au <span style=\"color: #e2007a;\">3 rue des cloches Melun<\/span> pour tout renseignement.<\/p>\n<h1 style=\"text-align: left;\">Pourquoi une s\u00e9ance photo en famille \u2026<\/h1>\n<ul style=\"text-align: left;\">\n<li>Pour offrir \u00e0 ma famille un souvenir de nous !<\/li>\n<li>Parce que nous souhaitons offrir \u00e0 papy et mamie une belle photo de nous tous !<\/li>\n<li>Parce que mes enfants ne vivent plus \u00e0 la maison et que cela me manque !<\/li>\n<li>Parce que je me sens belle\/beau en ce moment !<\/li>\n<li>Parce que nous cr\u00e9ons une nouvelle famille apr\u00e8s une premi\u00e8re exp\u00e9rience !<\/li>\n<\/ul>\n<h1 style=\"text-align: left;\">Les + Grenadine \u2026<\/h1>\n<ul style=\"text-align: left;\">\n<li>Un espace design pour un accueil de qualit\u00e9.<\/li>\n<li>Une \u00e9quipe de professionnels\u00a0\u00e0 votre \u00e9coute.<\/li>\n<li>Un style d\u2019image fun et unique en France.<\/li>\n<li>Des minis s\u00e9ances suppl\u00e9mentaires offertes afin de compl\u00e9ter vos souvenirs.<\/li>\n<li>Un service 100% garanti satisfait ou rembours\u00e9.<\/li>\n<\/ul>\n<p>&nbsp;<\/p>\n<h3 style=\"text-align: left;\"><span style=\"color: #000000;\">R\u00e9servez votre s\u00e9ance Famille et profitez de 40\u20ac de r\u00e9duction gr\u00e2ce au code \/<\/span> <span style=\"color: #e2007a;\"><strong>SUPERMAMAN<\/strong><\/span><\/h3>\n<p style=\"text-align: left;\">.<\/p>\n<p>[\/vc_column_text][vc_empty_space height=\u00a0\u00bb32px\u00a0\u00bb][\/vc_column][\/vc_row][vc_row][vc_column width=\u00a0\u00bb1\/1&Prime;]<div class=\"woocommerce\"><\/div>[\/vc_column][\/vc_row]<\/p>\n","protected":false},"excerpt":{"rendered":"<p>[vc_row][vc_column][vc_column_text] Offrez une s\u00e9ance photo chez Grenadine !!! Notre espace photographique unique dans la r\u00e9gion est sp\u00e9cialis\u00e9 dans l\u2019accueil et le divertissement photographique de famille heureuse. Seul, en couple, avec vos enfants ou petits enfants. Votre photographe vous assure un r\u00e9sultat \u00e0 100%. A l&rsquo;occasion de la f\u00eate des m\u00e8res le 31 Mai 2015, la <a href=\"https:\/\/www.galeriegrenadine.com\/angers\/blog\/2015\/04\/16\/photographe-fontainebleau-fete-des-meres\/\" title=\"Photographe F\u00eate des m\u00e8res 2015\" rel=\"bookmark\">[Lire la suite]<\/a><\/p>\n","protected":false},"author":3,"featured_media":249,"comment_status":"open","ping_status":"closed","sticky":false,"template":"","format":"standard","meta":{"_et_pb_use_builder":"","_et_pb_old_content":"","_et_gb_content_width":"","_uf_show_specific_survey":0,"_uf_disable_surveys":false,"footnotes":""},"categories":[23,13],"tags":[49,44,46,38,48,47],"class_list":["post-1148","post","type-post","status-publish","format-standard","has-post-thumbnail","hentry","category-actu-du-studio","category-en-famille","tag-amabelleetoile","tag-bdbg","tag-photographe-77","tag-photographe-fontainebleau","tag-portrait-de-famille","tag-studio-photo-ultra-rigolo"],"_links":{"self":[{"href":"https:\/\/www.galeriegrenadine.com\/angers\/wp-json\/wp\/v2\/posts\/1148","targetHints":{"allow":["GET"]}}],"collection":[{"href":"https:\/\/www.galeriegrenadine.com\/angers\/wp-json\/wp\/v2\/posts"}],"about":[{"href":"https:\/\/www.galeriegrenadine.com\/angers\/wp-json\/wp\/v2\/types\/post"}],"author":[{"embeddable":true,"href":"https:\/\/www.galeriegrenadine.com\/angers\/wp-json\/wp\/v2\/users\/3"}],"replies":[{"embeddable":true,"href":"https:\/\/www.galeriegrenadine.com\/angers\/wp-json\/wp\/v2\/comments?post=1148"}],"version-history":[{"count":0,"href":"https:\/\/www.galeriegrenadine.com\/angers\/wp-json\/wp\/v2\/posts\/1148\/revisions"}],"wp:featuredmedia":[{"embeddable":true,"href":"https:\/\/www.galeriegrenadine.com\/angers\/wp-json\/wp\/v2\/media\/249"}],"wp:attachment":[{"href":"https:\/\/www.galeriegrenadine.com\/angers\/wp-json\/wp\/v2\/media?parent=1148"}],"wp:term":[{"taxonomy":"category","embeddable":true,"href":"https:\/\/www.galeriegrenadine.com\/angers\/wp-json\/wp\/v2\/categories?post=1148"},{"taxonomy":"post_tag","embeddable":true,"href":"https:\/\/www.galeriegrenadine.com\/angers\/wp-json\/wp\/v2\/tags?post=1148"}],"curies":[{"name":"wp","href":"https:\/\/api.w.org\/{rel}","templated":true}]}}